{"id":18302,"date":"2021-04-14T00:00:00","date_gmt":"2021-04-14T06:00:00","guid":{"rendered":"https:\/\/dralvarez.com.mx\/larevista\/blog\/por-que-renego-amlo-de-una-promesa-que-hizo-publica-y-reiteradamente"},"modified":"2024-02-23T09:35:31","modified_gmt":"2024-02-23T15:35:31","slug":"por-que-renego-amlo-de-una-promesa-que-hizo-publica-y-reiteradamente","status":"publish","type":"post","link":"https:\/\/dralvarez.com.mx\/larevista\/opiniones\/por-que-renego-amlo-de-una-promesa-que-hizo-publica-y-reiteradamente","title":{"rendered":"\u00bfPor qu\u00e9 reneg\u00f3 AMLO de una promesa que hizo p\u00fablica y reiteradamente?"},"content":{"rendered":"<p><b>Por: Eduardo Ru\u00edz-Healy.<\/b><\/p>\n<\/p>\n<p>En su conferencia de prensa del 14 de enero pasado, alguien le pregunt\u00f3 al presidente Andr\u00e9s Manuel L\u00f3pez Obrador: \u201c\u00bfSe tiene contemplado que en esta etapa se vacunen tambi\u00e9n los m\u00e9dicos particulares que atienden a pacientes con COVID-19?\u201d.<\/p>\n<p>AMLO respondi\u00f3: \u201cS\u00ed se van a vacunar a todos los m\u00e9dicos y enfermeras y trabajadores de hospitales p\u00fablicos y privados que atienden COVID. Se est\u00e1 en comunicaci\u00f3n con los hospitales privados para tener padrones\u2026\u201d.<\/p>\n<p>Acto seguido, su subsecretario confirm\u00f3 lo dicho por su jefe y asegur\u00f3 que \u201caqu\u00ed no se distingue, por razones epidemiol\u00f3gicas, a privados y p\u00fablicos\u2026\u201d.<\/p>\n<p>Luego, el subsecretario dijo algo que deber\u00eda haberle causado verg\u00fcenza: \u201c\u2026el doctor Alcocer, yo y los directores de las instituciones de seguridad social y muchos otros que no estamos en el campo cl\u00ednico, no estamos sujetos a ese nivel de riesgo, por lo tanto, no tenemos por qu\u00e9 ser vacunados\u2026\u201d. As\u00ed, acept\u00f3 que bur\u00f3cratas como \u00e9l, que no atienden enfermos, son ajenos al sufrimiento de \u00e9stos y no realizan el sacrificio del personal de salud que s\u00ed los tratan. Adem\u00e1s, no corren el m\u00e1s m\u00ednimo riesgo de ser infectados por un paciente asintom\u00e1tico o no, y, tal vez, morir, como les ha sucedido a tantos m\u00e9dicos de los sectores p\u00fablico y privado.<\/p>\n<p>El tema surgi\u00f3 nuevamente en la conferencia del 19 de enero. Ese d\u00eda, al referirse al arribo al pa\u00eds de un n\u00famero importante de vacunas, AMLO dijo: \u201c\u2026 lo que llega hoy sigue siendo para el personal m\u00e9dico. Ya se va a incluir a m\u00e9dicos de hospitales privados que atienden COVID (\u2026) a partir de este env\u00edo empiezan a ser vacunados\u201d.<\/p>\n<p>Despu\u00e9s, el subsecretario dijo no tener los datos cuando le preguntaron cu\u00e1ntos m\u00e9dicos particulares recibir\u00edan la vacuna.<\/p>\n<div>\n<div>\n<div>\n<div>\n<div><\/div>\n<\/div>\n<\/div>\n<\/div>\n<\/div>\n<p>El 21 de enero, lo primero que mencion\u00f3 AMLO al iniciar su conferencia fue: \u201cYa se est\u00e1 incluyendo a hospitales privados (\u2026) a trabajadores de hospitales privados COVID. Vamos a presentar un video de c\u00f3mo se est\u00e1 vacunado ya a estos m\u00e9dicos, enfermeras\u2026\u201d. En el video se dice que fueron vacunadas 4000 personas y se ve c\u00f3mo son inyectadas. Tres de ellas, dos m\u00e9dicos residentes y un t\u00e9cnico radi\u00f3logo, supuestamente del hospital M\u00e9dica Sur, le agradecen al presidente por la vacuna.<\/p>\n<p>Han pasado casi cuatro meses desde entonces y los m\u00e9dicos privados exigen que el gobierno cumpla la promesa que les hizo Andr\u00e9s Manuel.<\/p>\n<p>El viernes pasado, durante su conferencia, el presidente les contest\u00f3: \u201cQue quede muy claro (\u2026): la vacuna se aplica de manera universal, no interesa que los m\u00e9dicos est\u00e9n en hospitales privados (\u2026) Que nos esperen\u201d. Con sus palabras dio a entender que deber\u00e1n esperar hasta que les toque seg\u00fan su edad.<\/p>\n<p>\u00bfQu\u00e9 sucedi\u00f3 entre el 14 de enero y el viernes pasado para que Andr\u00e9s Manuel decidiera renegar de sus promesas y que le dejara de importar que miles de m\u00e9dicos particulares enfermen y hasta mueran despu\u00e9s de ser contagiados de COVID?<\/p>\n<p>\u00bfOlvid\u00f3 que muchos de estos m\u00e9dicos votaron por \u00e9l y que al sentir que los traicion\u00f3 influir\u00e1n en sus pacientes para que no voten por MORENA el 6 de junio?<\/p>\n<p>Amnist\u00eda Internacional inform\u00f3 a principios de marzo que M\u00e9xico, despu\u00e9s de Estados Unidos, registra la mayor cantidad de personal de salud que ha muerto de COVID (3507 all\u00e1, 3371 aqu\u00ed). Con su decisi\u00f3n, AMLO est\u00e1 contribuyendo a que nuestro pa\u00eds pronto logre el funesto primer lugar.<\/p>\n<p><strong>Twitter: @ruizhealy<\/strong><br \/><strong>Facebook: Eduardo J Ruiz-Healy<\/strong><br \/><strong>Instagram: ruizhealy<\/strong><br \/><strong>Sitio: <a target=\"_blank\" rel=\"nofollow noopener\" href=\"https:\/\/ruizhealytimes.com\/\">ruizhealytimes.com<\/a><\/strong><\/p><\/p>\n","protected":false},"excerpt":{"rendered":"<p>Por: Eduardo Ru\u00edz-Healy.<\/p>\n","protected":false},"author":1054,"featured_media":33469,"comment_status":"open","ping_status":"open","sticky":false,"template":"","format":"standard","meta":{"tdm_status":"","tdm_grid_status":"","footnotes":""},"categories":[25],"tags":[],"_links":{"self":[{"href":"https:\/\/dralvarez.com.mx\/larevista\/wp-json\/wp\/v2\/posts\/18302"}],"collection":[{"href":"https:\/\/dralvarez.com.mx\/larevista\/wp-json\/wp\/v2\/posts"}],"about":[{"href":"https:\/\/dralvarez.com.mx\/larevista\/wp-json\/wp\/v2\/types\/post"}],"author":[{"embeddable":true,"href":"https:\/\/dralvarez.com.mx\/larevista\/wp-json\/wp\/v2\/users\/1054"}],"replies":[{"embeddable":true,"href":"https:\/\/dralvarez.com.mx\/larevista\/wp-json\/wp\/v2\/comments?post=18302"}],"version-history":[{"count":1,"href":"https:\/\/dralvarez.com.mx\/larevista\/wp-json\/wp\/v2\/posts\/18302\/revisions"}],"predecessor-version":[{"id":33468,"href":"https:\/\/dralvarez.com.mx\/larevista\/wp-json\/wp\/v2\/posts\/18302\/revisions\/33468"}],"wp:featuredmedia":[{"embeddable":true,"href":"https:\/\/dralvarez.com.mx\/larevista\/wp-json\/wp\/v2\/media\/33469"}],"wp:attachment":[{"href":"https:\/\/dralvarez.com.mx\/larevista\/wp-json\/wp\/v2\/media?parent=18302"}],"wp:term":[{"taxonomy":"category","embeddable":true,"href":"https:\/\/dralvarez.com.mx\/larevista\/wp-json\/wp\/v2\/categories?post=18302"},{"taxonomy":"post_tag","embeddable":true,"href":"https:\/\/dralvarez.com.mx\/larevista\/wp-json\/wp\/v2\/tags?post=18302"}],"curies":[{"name":"wp","href":"https:\/\/api.w.org\/{rel}","templated":true}]}}