{"id":18284,"date":"2021-04-12T00:00:00","date_gmt":"2021-04-12T06:00:00","guid":{"rendered":"https:\/\/dralvarez.com.mx\/larevista\/blog\/inmunidad-de-rebano-se-alcanzara-hasta-agosto-de-2022"},"modified":"2024-02-23T09:34:08","modified_gmt":"2024-02-23T15:34:08","slug":"inmunidad-de-rebano-se-alcanzara-hasta-agosto-de-2022","status":"publish","type":"post","link":"https:\/\/dralvarez.com.mx\/larevista\/opiniones\/inmunidad-de-rebano-se-alcanzara-hasta-agosto-de-2022","title":{"rendered":"Inmunidad de reba\u00f1o se alcanzar\u00e1 hasta\u2026 \u00bfagosto de 2022?"},"content":{"rendered":"<p><b>Por: Eduardo Ru\u00edz-Healy.<\/b><\/p>\n<\/p>\n<p>En la conferencia de prensa del presidente Andr\u00e9s Manuel L\u00f3pez Obrador del 24 de diciembre pasado, d\u00eda en que arranc\u00f3 la campa\u00f1a de vacunaci\u00f3n contra el COVID-19, el secretario de Relaciones Exteriores Marcelo Ebrard, al referirse al n\u00famero de vacunas necesarias para inmunizar a los trabajadores del sector salud, dijo: \u201cel n\u00famero que tenemos que tener es 1 420 575\u201d.<\/p>\n<p>En el evento, al referirse al n\u00famero de vacunas que se requer\u00eda para adultos mayores, AMLO dijo que \u201cson como 12 millones\u201d.<\/p>\n<p>El s\u00e1bado pasado, la Secretar\u00eda de Salud (SSA) inform\u00f3 que desde el 23 de diciembre pasado hasta el 10 de abril han llegado a M\u00e9xico 16 413 350 dosis de las cinco vacunas que hasta ahora han sido autorizadas para su uso en M\u00e9xico y que 39.5% han sido de Pfizer-BioNTech, 21.9% de AstraZeneca, 24.4% de SinoVac, 8.7% de Cansino y 5.5% de Sputnik. Todas, excepto la de Cansino, requieren de dos dosis para generar la mayor inmunidad posible; la de Cansino de solo una dosis.<\/p>\n<p>Durante los 108 d\u00edas que transcurrieron desde el 24 de diciembre hasta el s\u00e1bado pasado, tambi\u00e9n de acuerdo con la SSA, se aplicaron 11 204 183 dosis de las vacunas, lo que significa que en bodega hay 5 209 167 que a partir de hoy empezar\u00e1n a inyectarse en los brazos de igual n\u00famero de personas.<\/p>\n<p>En lo que al personal de Salud se refiere, a 755 564 de los 1 420 575 trabajadores ya se les aplic\u00f3 la vacuna completa, a 154 974 apenas la primera de dos dosis, mientras que 510 037 no han recibido ninguna. Esto significa que faltan por aplicarse a\u00fan 1 175 038 dosis para que queden vacunados todos los trabajadores del sector Salud p\u00fablico. Es probable que antes de concluir abril se alcance esta meta.<\/p>\n<p>En lo que a los 12 millones de adultos mayores se refiere, hasta anteayer 1 203 326 hab\u00edan recibido las dosis completas, 7 416 135 solo una de dos y 3 380 539 ninguna. O sea que faltan por aplicarse 10 796 674 dosis para que todas las mujeres y los hombres mayores de 60 a\u00f1os queden inmunizados.<\/p>\n<div>\n<div>\n<div>\n<div>\n<div><\/div>\n<\/div>\n<\/div>\n<\/div>\n<\/div>\n<p>El presidente se comprometi\u00f3 a que antes de que finalice abril, todos los adultos mayores habr\u00e1n recibido por lo menos una dosis (antes hab\u00eda prometido que esto se lograr\u00eda antes de que acabara marzo), lo que significa aplicar 3 380 539 primeras dosis durante los pr\u00f3ximos 19 d\u00edas, un promedio diario de 117 923, cantidad que puede alcanzarse f\u00e1cilmente si se considera que el promedio diario de dosis inyectadas es de 354 985 y que el mi\u00e9rcoles pasado se lleg\u00f3 al r\u00e9cord de 530 000 en un solo d\u00eda.<\/p>\n<p>Es un hecho conocido que no se han cumplido las metas de vacunaci\u00f3n que AMLO anunci\u00f3 en diciembre pasado, en parte porque, por diversas razones, sus fabricantes no han cumplido con las entregas supuestamente acordadas con el gobierno. Una de esas razones se dio a conocer el pasado fin de semana, cuando se anunci\u00f3 que los fabricantes est\u00e1n esperando hasta 12 meses para que sus proveedores les entreguen los contenedores est\u00e9riles de pl\u00e1stico desechable de un solo uso que utilizan para fabricar las vacunas.<\/p>\n<p>Como van las cosas, falta mucho para que el 70% de la poblaci\u00f3n de M\u00e9xico quede vacunada y se logre la famosa inmunidad de reba\u00f1o. De acuerdo con <a target=\"_blank\" rel=\"nofollow noopener\" href=\"http:\/\/covidvax.live.com\/\">covidvax.live.com<\/a>, esa meta se alcanzar\u00e1 el 1 de agosto de 2022, siempre y cuando las cosas sigan igual y no ocurra un nuevo imprevisto.<\/p>\n<p><strong>Twitter: @ruizhealy<\/strong><br \/><strong>Facebook: Eduardo J Ruiz-Healy<\/strong><br \/><strong>Instagram: ruizhealy<\/strong><br \/><strong>Sitio: <a target=\"_blank\" rel=\"nofollow noopener\" href=\"https:\/\/ruizhealytimes.com\/\">ruizhealytimes.com<\/a><\/strong><\/p><\/p>\n","protected":false},"excerpt":{"rendered":"<p>Por: Eduardo Ru\u00edz-Healy.<\/p>\n","protected":false},"author":1054,"featured_media":33452,"comment_status":"open","ping_status":"open","sticky":false,"template":"","format":"standard","meta":{"tdm_status":"","tdm_grid_status":"","footnotes":""},"categories":[25],"tags":[],"_links":{"self":[{"href":"https:\/\/dralvarez.com.mx\/larevista\/wp-json\/wp\/v2\/posts\/18284"}],"collection":[{"href":"https:\/\/dralvarez.com.mx\/larevista\/wp-json\/wp\/v2\/posts"}],"about":[{"href":"https:\/\/dralvarez.com.mx\/larevista\/wp-json\/wp\/v2\/types\/post"}],"author":[{"embeddable":true,"href":"https:\/\/dralvarez.com.mx\/larevista\/wp-json\/wp\/v2\/users\/1054"}],"replies":[{"embeddable":true,"href":"https:\/\/dralvarez.com.mx\/larevista\/wp-json\/wp\/v2\/comments?post=18284"}],"version-history":[{"count":1,"href":"https:\/\/dralvarez.com.mx\/larevista\/wp-json\/wp\/v2\/posts\/18284\/revisions"}],"predecessor-version":[{"id":33451,"href":"https:\/\/dralvarez.com.mx\/larevista\/wp-json\/wp\/v2\/posts\/18284\/revisions\/33451"}],"wp:featuredmedia":[{"embeddable":true,"href":"https:\/\/dralvarez.com.mx\/larevista\/wp-json\/wp\/v2\/media\/33452"}],"wp:attachment":[{"href":"https:\/\/dralvarez.com.mx\/larevista\/wp-json\/wp\/v2\/media?parent=18284"}],"wp:term":[{"taxonomy":"category","embeddable":true,"href":"https:\/\/dralvarez.com.mx\/larevista\/wp-json\/wp\/v2\/categories?post=18284"},{"taxonomy":"post_tag","embeddable":true,"href":"https:\/\/dralvarez.com.mx\/larevista\/wp-json\/wp\/v2\/tags?post=18284"}],"curies":[{"name":"wp","href":"https:\/\/api.w.org\/{rel}","templated":true}]}}