{"id":18244,"date":"2021-04-07T00:00:00","date_gmt":"2021-04-07T06:00:00","guid":{"rendered":"https:\/\/dralvarez.com.mx\/larevista\/blog\/con-tal-de-buscar-pleito-amlo-genero-mas-desconfianza"},"modified":"2024-02-23T09:32:07","modified_gmt":"2024-02-23T15:32:07","slug":"con-tal-de-buscar-pleito-amlo-genero-mas-desconfianza","status":"publish","type":"post","link":"https:\/\/dralvarez.com.mx\/larevista\/opiniones\/con-tal-de-buscar-pleito-amlo-genero-mas-desconfianza","title":{"rendered":"Con tal de buscar pleito AMLO gener\u00f3 m\u00e1s desconfianza"},"content":{"rendered":"<p><b>Por: Eduardo Ru\u00edz-Healy.&nbsp;<\/b><\/p>\n<\/p>\n<p>En marzo recib\u00ed la primera dosis de la vacuna anticovid que me toc\u00f3.<\/p>\n<p>En ning\u00fan momento dud\u00e9 de que estaba siendo vacunado con el producto que la autoridad identific\u00f3 d\u00edas antes. Ni antes ni despu\u00e9s tuve la m\u00e1s m\u00ednima sospecha de que me estaban dando gato por liebre. No ped\u00ed ver el envase de donde se sustrajo la dosis que me toc\u00f3. Tampoco vi que las personas a mi alrededor lo solicitaran.<\/p>\n<p>Confi\u00e9 mi salud y mi vida en un gobierno en el cual no conf\u00edo mucho porque me dije a mi mismo que ser\u00eda el colmo que el de la 4T hiciera lo mismo que lo que hicieron algunos gobiernos priistas que permitieron que a qui\u00e9n sabe cuantos ni\u00f1os les inyectaran soluci\u00f3n salina en lugar de la vacuna que les correspond\u00eda recibir.<\/p>\n<p>Estoy convencido que recib\u00ed la vacuna porque uno de los s\u00edntomas que padec\u00ed durante unos d\u00edas fue dolor en el brazo y un ligero cansancio.<\/p>\n<p>Pasaron los d\u00edas y lleg\u00f3 el s\u00e1bado 3, cuando en redes sociales se vio un video de una enfermera que simul\u00f3 vacunar a un adulto mayor en el centro de vacunaci\u00f3n instalado en la Escuela Nacional de Ciencias Biol\u00f3gicas, Unidad Zacatenco, del Instituto Polit\u00e9cnico Nacional.<\/p>\n<p>Ese mismo d\u00eda, por medio de un comunicado conjunto, el gobierno de la CDMX y el IMSS informaron que \u201cEste hecho fue reportado por un familiar acompa\u00f1ante del adulto mayor, a quienes se les ofreci\u00f3 una disculpa y se procedi\u00f3 a aplicar la vacuna de manera correcta, sin mayores complicaciones en presencia de su familia, que a su vez atestigu\u00f3 el procedimiento e inform\u00f3 en sus redes sociales que se corrigi\u00f3 la situaci\u00f3n\u201d.<\/p>\n<p>El incidente no deber\u00eda haber trascendido pero los familiares subieron el video a las redes, en donde se viraliz\u00f3.<\/p>\n<p>El lunes, al hablar del incidente, el presidente Andr\u00e9s Manuel L\u00f3pez Obrador complico m\u00e1s el asunto al sugerir que la escena podr\u00eda a ver sido montada por sus adversarios \u201cporque son capaces de todo\u201d. Se le hizo raro que la escena fuera grabada, dejando ver que no est\u00e1 enterado que miles de personas se han fotografiado o videograbado al momento de ser vacunados.<\/p>\n<p>El hecho de que dijera que el asunto podr\u00eda haber sido un montaje empeor\u00f3 el asunto y, no satisfecho con armarla, ayer de nuevo dijo que \u201cs\u00f3lo hay dos explicaciones: que en efecto hubo un error o un montaje, que no lo descarto por la difusi\u00f3n tan grande\u201d.<\/p>\n<p>Desde entonces han aparecido otros videos en donde quienes los difunden aseguran que muestran m\u00e1s vacunaciones simuladas.<\/p>\n<p>Parece que al presidente, impedido legalmente de hablar de pol\u00edtica en sus conferencias, le ganaron sus ansias de pelear y cre\u00f3 una tormenta en un vaso de agua.<\/p>\n<p>Con tal de irse contra sus adversarios provoc\u00f3 que mucha gente empiece a dudar si efectivamente se les va a inyectar con una vacuna anticovid.<\/p>\n<p>M\u00e1s f\u00e1cil hubiera sido que explicara que es l\u00f3gico que se comentan errores en un proceso masivo de vacunaci\u00f3n y que el incidente en Zacatenco ser\u00eda investigado a fondo para darle certeza a la gente. Podr\u00eda haber aceptado que al inyectarse m\u00e1s de nueve millones de dosis iban a ocurrir errores, que quienes vacunan son humanos y pueden cometer errores tras estar trabajando, de pie, durante horas.<\/p>\n<p>L\u00e1stima que en vez de buscar infundir confianza prefiriera buscar pleito sin que le importara generar m\u00e1s dudas sobre el programa de vacunaci\u00f3n anticovid.<\/p>\n<p><strong><i>Twitter: @ruizhealy<\/i><\/strong><br \/><strong><i>Facebook: Eduardo J Ruiz-Healy<\/i><\/strong><br \/><strong><i>Instagram: ruizhealy<\/i><\/strong><br \/><strong><i>Sitio: <\/i><a target=\"_blank\" rel=\"nofollow noopener\" href=\"https:\/\/ruizhealytimes.com\/\"><i>ruizhealytimes.com<\/i><\/a><\/strong><\/p><\/p>\n","protected":false},"excerpt":{"rendered":"<p>Por: Eduardo Ru\u00edz-Healy.<\/p>\n","protected":false},"author":1054,"featured_media":33419,"comment_status":"open","ping_status":"open","sticky":false,"template":"","format":"standard","meta":{"tdm_status":"","tdm_grid_status":"","footnotes":""},"categories":[25],"tags":[],"_links":{"self":[{"href":"https:\/\/dralvarez.com.mx\/larevista\/wp-json\/wp\/v2\/posts\/18244"}],"collection":[{"href":"https:\/\/dralvarez.com.mx\/larevista\/wp-json\/wp\/v2\/posts"}],"about":[{"href":"https:\/\/dralvarez.com.mx\/larevista\/wp-json\/wp\/v2\/types\/post"}],"author":[{"embeddable":true,"href":"https:\/\/dralvarez.com.mx\/larevista\/wp-json\/wp\/v2\/users\/1054"}],"replies":[{"embeddable":true,"href":"https:\/\/dralvarez.com.mx\/larevista\/wp-json\/wp\/v2\/comments?post=18244"}],"version-history":[{"count":1,"href":"https:\/\/dralvarez.com.mx\/larevista\/wp-json\/wp\/v2\/posts\/18244\/revisions"}],"predecessor-version":[{"id":33418,"href":"https:\/\/dralvarez.com.mx\/larevista\/wp-json\/wp\/v2\/posts\/18244\/revisions\/33418"}],"wp:featuredmedia":[{"embeddable":true,"href":"https:\/\/dralvarez.com.mx\/larevista\/wp-json\/wp\/v2\/media\/33419"}],"wp:attachment":[{"href":"https:\/\/dralvarez.com.mx\/larevista\/wp-json\/wp\/v2\/media?parent=18244"}],"wp:term":[{"taxonomy":"category","embeddable":true,"href":"https:\/\/dralvarez.com.mx\/larevista\/wp-json\/wp\/v2\/categories?post=18244"},{"taxonomy":"post_tag","embeddable":true,"href":"https:\/\/dralvarez.com.mx\/larevista\/wp-json\/wp\/v2\/tags?post=18244"}],"curies":[{"name":"wp","href":"https:\/\/api.w.org\/{rel}","templated":true}]}}