{"id":18224,"date":"2021-04-05T00:00:00","date_gmt":"2021-04-05T06:00:00","guid":{"rendered":"https:\/\/dralvarez.com.mx\/larevista\/blog\/el-pan-y-marko-cortes-creen-que-los-mexicanos-somos-estupidos"},"modified":"2024-02-23T09:31:06","modified_gmt":"2024-02-23T15:31:06","slug":"el-pan-y-marko-cortes-creen-que-los-mexicanos-somos-estupidos","status":"publish","type":"post","link":"https:\/\/dralvarez.com.mx\/larevista\/opiniones\/el-pan-y-marko-cortes-creen-que-los-mexicanos-somos-estupidos","title":{"rendered":"El PAN y Marko Cort\u00e9s creen que los mexicanos somos est\u00fapidos"},"content":{"rendered":"<p><b>Por: Eduardo Ru\u00edz-Healy.&nbsp;<\/b><\/p>\n<\/p>\n<p>Empez\u00f3 ayer el tormento medi\u00e1tico al que cada tres a\u00f1os nos someten los partidos pol\u00edticos y sus candidatos a alguno de los miles de cargos federales y locales de elecci\u00f3n popular.<\/p>\n<p>Como consecuencia de la reforma electoral de 2007, los mexicanos que acostumbramos a escuchar radio o ver televisi\u00f3n seremos bombardeados por miles de mensajes publicitarios o <em>spots<\/em>&nbsp;durante los 60 d\u00edas que empezaron a contar ayer y concluir\u00e1n el 2 de junio entrante.<\/p>\n<p>Dicha reforma estipul\u00f3 que \u201cLos partidos pol\u00edticos, precandidatos y candidatos a cargos de elecci\u00f3n popular, acceder\u00e1n a la radio y la televisi\u00f3n a trav\u00e9s del tiempo que la Constituci\u00f3n otorga como prerrogativa a los primeros\u2026\u201d y \u201cen ning\u00fan momento podr\u00e1n contratar o adquirir, por s\u00ed o por terceras personas, tiempos en cualquier modalidad de radio y televisi\u00f3n. Tampoco podr\u00e1n contratar los dirigentes y afiliados a un partido pol\u00edtico, o cualquier ciudadano, para su promoci\u00f3n personal con fines electorales\u2026 Ninguna persona f\u00edsica o moral, sea a t\u00edtulo propio o por cuenta de terceros, podr\u00e1 contratar propaganda en radio y televisi\u00f3n dirigida a influir en las preferencias electorales de los ciudadanos, ni a favor o en contra de partidos pol\u00edticos o de candidatos a cargos de elecci\u00f3n popular\u2026  El Instituto Nacional Electoral es la autoridad \u00fanica para la administraci\u00f3n del tiempo que corresponda al Estado en radio y televisi\u00f3n destinado a los fines propios del Instituto y a los de otras autoridades electorales, as\u00ed como al ejercicio de las prerrogativas y derechos que la Constituci\u00f3n y esta Ley otorgan a los partidos pol\u00edticos y candidatos independientes\u2026 Dentro de los procesos electorales federales, a partir del inicio de las precampa\u00f1as y hasta el d\u00eda de la jornada electoral, el INE tendr\u00e1 a su disposici\u00f3n cuarenta y ocho minutos diarios en cada estaci\u00f3n de radio y canal de televisi\u00f3n\u2026 Las transmisiones de mensajes en cada estaci\u00f3n de radio y canal de televisi\u00f3n se distribuir\u00e1n dentro del horario de programaci\u00f3n comprendido entre las 6 y las 24 horas de cada d\u00eda\u201d.<\/p>\n<p>As\u00ed las cosas, ayer empezaron a transmitirse los primeros de los 19.5 millones de <em>spots<\/em>&nbsp;que escucharemos ma\u00f1ana, tarde y noche a trav\u00e9s de nuestros aparatos de radio y TV. Esto se traduce en 325 000 spots diarios, 18 055.6 cada hora o 300.9 cada minuto del d\u00eda.<\/p>\n<p>Se transmitir\u00e1n a trav\u00e9s de 2060 radiodifusoras, y 1371 canales de televisi\u00f3n.<\/p>\n<p>Anot\u00e9 al principio que se trata de un tormento medi\u00e1tico porque los spots generalmente demuestran la poca capacidad, talento y creatividad de los publicistas que contratan los partidos y sus candidatos y corroboran que los dirigentes partidistas y quienes aspiran ganar un cargo de elecci\u00f3n creen que los votantes somos idiotas e incapaces de entender y apreciar mensajes inteligentes y propositivos.<\/p>\n<p>La primera muestra de lo que es un <em>spot<\/em>&nbsp;vulgar que \u00fanicamente apela a lo irracional que hay en todos nosotros es el del PAN titulado \u201cAlto a Morena y a la destrucci\u00f3n de M\u00e9xico\u201d que desde ayer empez\u00f3 a difundirse por la TV, en el cual se utilizan palabras que seguramente no pronuncian frente a sus madres los supuestamente decentes y honorables l\u00edderes panistas.<\/p>\n<p>No me cabe la menor duda: el presidente del PAN, Marko Cort\u00e9s, cree que los mexicanos somos est\u00fapidos.<\/p>\n<p><strong>Twitter: @ruizhealy<\/strong><br \/><strong>Facebook: Eduardo J Ruiz-Healy<\/strong><br \/><strong>Instagram: ruizhealy<\/strong><br \/><strong>Sitio: <a target=\"_blank\" rel=\"nofollow noopener\" href=\"https:\/\/ruizhealytimes.com\/\">ruizhealytimes.com<\/a><\/strong><\/p><\/p>\n","protected":false},"excerpt":{"rendered":"<p>Por: Eduardo Ru\u00edz-Healy.<\/p>\n","protected":false},"author":1054,"featured_media":33402,"comment_status":"open","ping_status":"open","sticky":false,"template":"","format":"standard","meta":{"tdm_status":"","tdm_grid_status":"","footnotes":""},"categories":[25],"tags":[],"_links":{"self":[{"href":"https:\/\/dralvarez.com.mx\/larevista\/wp-json\/wp\/v2\/posts\/18224"}],"collection":[{"href":"https:\/\/dralvarez.com.mx\/larevista\/wp-json\/wp\/v2\/posts"}],"about":[{"href":"https:\/\/dralvarez.com.mx\/larevista\/wp-json\/wp\/v2\/types\/post"}],"author":[{"embeddable":true,"href":"https:\/\/dralvarez.com.mx\/larevista\/wp-json\/wp\/v2\/users\/1054"}],"replies":[{"embeddable":true,"href":"https:\/\/dralvarez.com.mx\/larevista\/wp-json\/wp\/v2\/comments?post=18224"}],"version-history":[{"count":1,"href":"https:\/\/dralvarez.com.mx\/larevista\/wp-json\/wp\/v2\/posts\/18224\/revisions"}],"predecessor-version":[{"id":33401,"href":"https:\/\/dralvarez.com.mx\/larevista\/wp-json\/wp\/v2\/posts\/18224\/revisions\/33401"}],"wp:featuredmedia":[{"embeddable":true,"href":"https:\/\/dralvarez.com.mx\/larevista\/wp-json\/wp\/v2\/media\/33402"}],"wp:attachment":[{"href":"https:\/\/dralvarez.com.mx\/larevista\/wp-json\/wp\/v2\/media?parent=18224"}],"wp:term":[{"taxonomy":"category","embeddable":true,"href":"https:\/\/dralvarez.com.mx\/larevista\/wp-json\/wp\/v2\/categories?post=18224"},{"taxonomy":"post_tag","embeddable":true,"href":"https:\/\/dralvarez.com.mx\/larevista\/wp-json\/wp\/v2\/tags?post=18224"}],"curies":[{"name":"wp","href":"https:\/\/api.w.org\/{rel}","templated":true}]}}