{"id":18208,"date":"2021-04-01T00:00:00","date_gmt":"2021-04-01T06:00:00","guid":{"rendered":"https:\/\/dralvarez.com.mx\/larevista\/blog\/los-pronosticos-economicos-de-amlo"},"modified":"2024-02-23T09:30:20","modified_gmt":"2024-02-23T15:30:20","slug":"los-pronosticos-economicos-de-amlo","status":"publish","type":"post","link":"https:\/\/dralvarez.com.mx\/larevista\/opiniones\/los-pronosticos-economicos-de-amlo","title":{"rendered":"Los pron\u00f3sticos econ\u00f3micos de AMLO"},"content":{"rendered":"<p><b>Por: Eduardo Ru\u00edz-Healy.&nbsp;<\/b><\/p>\n<\/p>\n<p>No es cierto que la econom\u00eda mexicana vaya a recuperar sus niveles prepand\u00e9micos a mediados de este a\u00f1o, como ayer lo asegur\u00f3 el presidente Andr\u00e9s Manuel L\u00f3pez Obrador al dar uno m\u00e1s de sus informes trimestrales que no pasan de ser un resumen de lo que de lunes a domingo de cada semana dice en sus conferencias de prensa matutinas e innumerables discursos que pronuncia a lo largo y ancho del pa\u00eds.<\/p>\n<p>Ayer, como le ha dado por hacerlo durante las \u00faltimas semanas, se refiri\u00f3 al producto interno bruto, medici\u00f3n que para \u00e9l no era importante cuando debido a sus malas pol\u00edticas econ\u00f3micas llev\u00f3 al pa\u00eds a una recesi\u00f3n en 2019, a\u00f1o en que la econom\u00eda decreci\u00f3 0.1%. Entonces dec\u00eda que el PIB solo med\u00eda el crecimiento pero no el desarrollo y el bienestar.<\/p>\n<p>Ahora, cuando los diversos pron\u00f3sticos indican que la econom\u00eda mexicana crecer\u00e1 a una tasa no vista desde hace a\u00f1os, resulta que el PIB s\u00ed es bien importante.<\/p>\n<p>El cambio de actitud del presidente es una muestra m\u00e1s de como los pol\u00edticos, sobre todo los populistas, acomodan sus planteamientos a las circunstancias. Un buen ejemplo de esta capacidad de cambiar puntos de vista seg\u00fan sea conveniente lo dio Donald Trump, quien cuando fue candidato presidencial asegur\u00f3 que la tasa de desempleo en su pa\u00eds era mucho m\u00e1s alta que lo que indicaban los informes oficiales que entonces calificaba como ama\u00f1ados, informes que dio como v\u00e1lidos y certeros apenas se sent\u00f3 frente al escritorio de la Oficina Oval de la Casa Blanca.<\/p>\n<p>\u00bfCrecer\u00e1 5% el PIB este a\u00f1o, como lo asegur\u00f3 ayer Andr\u00e9s Manuel? Veamos que dicen los expertos nacionales y extranjeros:<\/p>\n<p>El Banco de M\u00e9xico revis\u00f3 recientemente al alza su estimado, de 3.3% a 4.8%. Es m\u00e1s, digo que el PIB podr\u00eda crecer entre un 2.8% y un 6.7%.<\/p>\n<p>El Fondo Monetario Internacional tambi\u00e9n revis\u00f3 al alza su pron\u00f3stico, al 4.3%.<\/p>\n<p>FocusEconomics tambi\u00e9n revis\u00f3 hacia arriba y al igual que el FMI, su nuevo pron\u00f3stico es de 4.3%.<\/p>\n<p>Banco Mundial anunci\u00f3 ayer que su pronostico para M\u00e9xico es del 4.5%.<\/p>\n<p>La Encuesta sobre las Expectativas de los Especialistas en Econom\u00eda del Sector Privado realizada por el Banco de M\u00e9xico en febrero pasado indicaba que estos expertos prev\u00e9n que el PIB crezca 3.88%. Dentro de unos d\u00edas se difundir\u00e1n los resultados de la encuesta de marzo y es probable que la cifra tambi\u00e9n sea mayor.<\/p>\n<p>La consultora Deloitte estima un crecimiento del 3.7%.<\/p>\n<p>El portal alem\u00e1n de estadista Statista pronostica un 3.5%.<\/p>\n<p>BBVA Research redujo su estimado del 3.7% al 3.2%.<\/p>\n<p>La Organizaci\u00f3n para la Cooperaci\u00f3n y el Desarrollo Econ\u00f3micos (OCDE) mantiene su pron\u00f3stico del 3.6%.<\/p>\n<p>Como puede observarse, los pron\u00f3sticos var\u00edan y por amplios m\u00e1rgenes, lo que no significa que M\u00e9xico no pueda crecer 5% este a\u00f1o, como lo afirm\u00f3 AMLO. Sin embargo, si bien es posible alcanzar ese porcentaje, para muchos es poco probable lograrlo.<\/p>\n<p>Y, en que la econom\u00eda mexicana alcance niveles prepand\u00e9micos a mediados de este a\u00f1o, como tambi\u00e9n dijo el presidente, eso no solo es imposible sino totalmente improbable.<\/p>\n<p>Para la mayor\u00eda de los analistas, mexicanos y extranjeros, es probable que hasta 2025 el PIB de nuestro pa\u00eds logre alcanzar su nivel de 2018, lo que significar\u00eda que el sexenio de la 4T ser\u00e1 un periodo perdido para la econom\u00eda nacional.<\/p>\n<p><strong>Twitter: @ruizhealy<\/strong><br \/><strong>Facebook: Eduardo J Ruiz-Healy<\/strong><br \/><strong>Instagram: ruizhealy<\/strong><br \/><strong>Sitio: <a target=\"_blank\" rel=\"nofollow noopener\" href=\"https:\/\/ruizhealytimes.com\/\">ruizhealytimes.com<\/a><\/strong><\/p><\/p>\n","protected":false},"excerpt":{"rendered":"<p>Por: Eduardo Ru\u00edz-Healy.<\/p>\n","protected":false},"author":1054,"featured_media":33389,"comment_status":"open","ping_status":"open","sticky":false,"template":"","format":"standard","meta":{"tdm_status":"","tdm_grid_status":"","footnotes":""},"categories":[25],"tags":[],"_links":{"self":[{"href":"https:\/\/dralvarez.com.mx\/larevista\/wp-json\/wp\/v2\/posts\/18208"}],"collection":[{"href":"https:\/\/dralvarez.com.mx\/larevista\/wp-json\/wp\/v2\/posts"}],"about":[{"href":"https:\/\/dralvarez.com.mx\/larevista\/wp-json\/wp\/v2\/types\/post"}],"author":[{"embeddable":true,"href":"https:\/\/dralvarez.com.mx\/larevista\/wp-json\/wp\/v2\/users\/1054"}],"replies":[{"embeddable":true,"href":"https:\/\/dralvarez.com.mx\/larevista\/wp-json\/wp\/v2\/comments?post=18208"}],"version-history":[{"count":1,"href":"https:\/\/dralvarez.com.mx\/larevista\/wp-json\/wp\/v2\/posts\/18208\/revisions"}],"predecessor-version":[{"id":33388,"href":"https:\/\/dralvarez.com.mx\/larevista\/wp-json\/wp\/v2\/posts\/18208\/revisions\/33388"}],"wp:featuredmedia":[{"embeddable":true,"href":"https:\/\/dralvarez.com.mx\/larevista\/wp-json\/wp\/v2\/media\/33389"}],"wp:attachment":[{"href":"https:\/\/dralvarez.com.mx\/larevista\/wp-json\/wp\/v2\/media?parent=18208"}],"wp:term":[{"taxonomy":"category","embeddable":true,"href":"https:\/\/dralvarez.com.mx\/larevista\/wp-json\/wp\/v2\/categories?post=18208"},{"taxonomy":"post_tag","embeddable":true,"href":"https:\/\/dralvarez.com.mx\/larevista\/wp-json\/wp\/v2\/tags?post=18208"}],"curies":[{"name":"wp","href":"https:\/\/api.w.org\/{rel}","templated":true}]}}