{"id":18190,"date":"2021-03-29T00:00:00","date_gmt":"2021-03-29T06:00:00","guid":{"rendered":"https:\/\/dralvarez.com.mx\/larevista\/blog\/321-059-muertos-esperara-amlo-hasta-que-sean-400-o-500-mil"},"modified":"2024-02-23T09:29:04","modified_gmt":"2024-02-23T15:29:04","slug":"321-059-muertos-esperara-amlo-hasta-que-sean-400-o-500-mil","status":"publish","type":"post","link":"https:\/\/dralvarez.com.mx\/larevista\/opiniones\/321-059-muertos-esperara-amlo-hasta-que-sean-400-o-500-mil","title":{"rendered":"321 059 muertos; \u00bfesperar\u00e1 AMLO hasta que sean 400 o 500 mil?"},"content":{"rendered":"<p><b>Por: Eduardo Ru\u00edz-Healy.<\/b><\/p>\n<\/p>\n<p>Fracas\u00f3 la estrategia del presidente Andr\u00e9s Manuel L\u00f3pez Obrador para contener la pandemia causada por el coronavirus Sars-CoV-2 en nuestro pa\u00eds, porque hasta el s\u00e1bado hab\u00edan muerto un m\u00ednimo de 321 059 personas por causas asociadas al COVID-19.<\/p>\n<p>Afirmo lo anterior con base en datos oficiales del gobierno federal. En primer lugar, en los que contiene el reporte \u201cExceso de mortalidad todas las causas, durante la emergencia por COVID-2019, M\u00e9xico, 2020-2021\u201d difundido el s\u00e1bado pasado a trav\u00e9s del sitio <em><a target=\"_blank\" rel=\"nofollow noopener\" href=\"http:\/\/coronavirus.gob.mx\/exceso-de-mortalidad-en-mexico\">coronavirus.gob.mx\/exceso-de-mortalidad-en-mexico<\/a><\/em>; en segundo lugar, en los que aparecen en los informes diarios de la Secretar\u00eda de Salud (SSA).<\/p>\n<p>El reporte se sustenta en el c\u00e1lculo de exceso de muertes, que no es otra cosa que el n\u00famero de muertes que ocurren por encima de los previstos para un periodo de tiempo, sobre la base de promedios hist\u00f3ricos. En este caso se utilizaron \u201clos datos de 5 a\u00f1os previos, por semana epidemiol\u00f3gica, para tomar en cuenta variaciones estacionales y anuales\u201d.<\/p>\n<p>El reporte est\u00e1 actualizado hasta el 15 de marzo, pero en realidad incluye los datos de las 53 semanas epidemiol\u00f3gicas de 2020 y de las primeras seis de 2021 (que van de enero 3 a febrero 13).<\/p>\n<p>Las semanas epidemiol\u00f3gicas empiezan los domingos y terminan los s\u00e1bados y a\u00fan no se han dado a conocer los datos correspondientes a las seis m\u00e1s recientes (del 14 de febrero al 27 de marzo).<\/p>\n<p>As\u00ed, hasta la semana n\u00famero seis de este a\u00f1o, que concluy\u00f3 el s\u00e1bado 13 de febrero, hab\u00edan muerto 294 287 personas por causas asociadas a COVID-19. A estos deben sumarse las 26 772 que murieron del 14 de febrero al 6 de marzo, para obtener el n\u00famero que anot\u00e9 l\u00edneas arriba: 321 059. A esta cifra todav\u00eda deber\u00e1n a\u00f1adirse las muertes excesivas que se calculen para esas mismas semanas.<\/p>\n<p>321 059 muertos por COVID-19 son 119 630 m\u00e1s que los 201 429 que report\u00f3 la SSA el s\u00e1bado pasado; es una cifra 59.4% mayor que el de por s\u00ed escandalosamente alto n\u00famero oficial y que coloca a M\u00e9xico en el segundo lugar de los pa\u00edses que m\u00e1s v\u00edctimas fatales ha dejado la pandemia, despu\u00e9s de Estados Unidos.<\/p>\n<p>321 059 muertos significan un promedio diario de 856.2 muertes desde el 18 de marzo de 2020, cuando se registr\u00f3 el primer fallecimiento por COVID.<\/p>\n<p>321 059 muertos significa que de 2 224 767 casos registrados ha muerto el 14.4%. Esta tasa de fatalidad es la m\u00e1s alta del mundo, si se excluye a Yemen, que es un estado fallido, que registra un 20.96%. A\u00fan sin las muertes excesivas, con un 9.05% M\u00e9xico tiene la m\u00e1s alta tasa de fatalidad, lo que indica la ineficiencia del sistema de salud para salvarles la vida a poco m\u00e1s de 14 de cada 100 personas que enferman.<\/p>\n<p>Tristemente, el tiempo y poco m\u00e1s de 321 mil muertos nos han dado la raz\u00f3n a quienes empezamos a dudar de la capacidad de Hugo L\u00f3pez-Gatell cuando, el 16 de marzo del a\u00f1o pasado, minimiz\u00f3 las probabilidades de que AMLO enfermara de COVID al asegurar que \u201cLa fuerza del presidente es moral, no es de contagio\u201d.<\/p>\n<p>Muchos hemos solicitado durante meses la remoci\u00f3n de L\u00f3pez-Gatell y de su padrino y jefe, el secretario Jorge Alcocer. Hasta ahora Andr\u00e9s Manuel nos ha ignorado.<\/p>\n<p>Para cesar a este par de ineptos, \u00bfva a esperar el presidente hasta que el n\u00famero de muertos llegue a 400 o 500 mil?<\/p>\n<p><strong>Twitter: @ruizhealy<\/strong><br \/><strong>Facebook: Eduardo J Ruiz-Healy<\/strong><br \/><strong>Instagram: ruizhealy<\/strong><br \/><strong>Sitio: <a target=\"_blank\" rel=\"nofollow noopener\" href=\"https:\/\/ruizhealytimes.com\/\">ruizhealytimes.com<\/a><\/strong><\/p><\/p>\n","protected":false},"excerpt":{"rendered":"<p>Por: Eduardo Ru\u00edz-Healy.<\/p>\n","protected":false},"author":1054,"featured_media":33373,"comment_status":"open","ping_status":"open","sticky":false,"template":"","format":"standard","meta":{"tdm_status":"","tdm_grid_status":"","footnotes":""},"categories":[25],"tags":[],"_links":{"self":[{"href":"https:\/\/dralvarez.com.mx\/larevista\/wp-json\/wp\/v2\/posts\/18190"}],"collection":[{"href":"https:\/\/dralvarez.com.mx\/larevista\/wp-json\/wp\/v2\/posts"}],"about":[{"href":"https:\/\/dralvarez.com.mx\/larevista\/wp-json\/wp\/v2\/types\/post"}],"author":[{"embeddable":true,"href":"https:\/\/dralvarez.com.mx\/larevista\/wp-json\/wp\/v2\/users\/1054"}],"replies":[{"embeddable":true,"href":"https:\/\/dralvarez.com.mx\/larevista\/wp-json\/wp\/v2\/comments?post=18190"}],"version-history":[{"count":1,"href":"https:\/\/dralvarez.com.mx\/larevista\/wp-json\/wp\/v2\/posts\/18190\/revisions"}],"predecessor-version":[{"id":33372,"href":"https:\/\/dralvarez.com.mx\/larevista\/wp-json\/wp\/v2\/posts\/18190\/revisions\/33372"}],"wp:featuredmedia":[{"embeddable":true,"href":"https:\/\/dralvarez.com.mx\/larevista\/wp-json\/wp\/v2\/media\/33373"}],"wp:attachment":[{"href":"https:\/\/dralvarez.com.mx\/larevista\/wp-json\/wp\/v2\/media?parent=18190"}],"wp:term":[{"taxonomy":"category","embeddable":true,"href":"https:\/\/dralvarez.com.mx\/larevista\/wp-json\/wp\/v2\/categories?post=18190"},{"taxonomy":"post_tag","embeddable":true,"href":"https:\/\/dralvarez.com.mx\/larevista\/wp-json\/wp\/v2\/tags?post=18190"}],"curies":[{"name":"wp","href":"https:\/\/api.w.org\/{rel}","templated":true}]}}