{"id":18160,"date":"2021-03-26T00:00:00","date_gmt":"2021-03-26T06:00:00","guid":{"rendered":"https:\/\/dralvarez.com.mx\/larevista\/blog\/biden-hablo-ayer-del-covid-la-migracion-via-mexico-y-china"},"modified":"2024-02-23T09:27:40","modified_gmt":"2024-02-23T15:27:40","slug":"biden-hablo-ayer-del-covid-la-migracion-via-mexico-y-china","status":"publish","type":"post","link":"https:\/\/dralvarez.com.mx\/larevista\/opiniones\/biden-hablo-ayer-del-covid-la-migracion-via-mexico-y-china","title":{"rendered":"Biden habl\u00f3 ayer del COVID, la migraci\u00f3n v\u00eda M\u00e9xico, y China"},"content":{"rendered":"<p><b>Por: Eduardo Ru\u00edz-Healy.<\/b><\/p>\n<\/p>\n<p>Por fin, el presidente estadounidense Joe Biden ofreci\u00f3 ayer su primera conferencia de prensa. Seg\u00fan algunos analistas, sus asesores hab\u00edan pospuesto el evento por miedo a que su jefe cometiera una m\u00e1s de sus ya legendarias metidas de pata verbales.<\/p>\n<p>Yo vi la conferencia y observ\u00e9 a un hombre de 78 a\u00f1os que est\u00e1 en pleno uso y control de sus facultades mentales y verbales, y sus respuestas fueron claras y sin rodeos. Cuando no quiso contestar alguna pregunta explic\u00f3 por qu\u00e9 sin que nadie, aparentemente, lo tomara a mal.<\/p>\n<p>De los varios temas que se aludieron en el evento, tres me llamaron la atenci\u00f3n porque influyen sobre la realidad mexicana: la pandemia de COVID-19, la migraci\u00f3n de centroamericanos a Estados Unidos v\u00eda M\u00e9xico, y la relaci\u00f3n de EEUU con China.<\/p>\n<p>Para empezar, fij\u00f3 en 200 millones de dosis su objetivo de vacunas contra el COVID-19, que es dos veces la meta que ofreci\u00f3 alcanzar durante sus primeros 100 d\u00edas de gobierno. Con un promedio diario de 2.5 millones de dosis aplicadas, no es dif\u00edcil que lo logre el 30 de abril, lo cual permitir\u00e1 a EEUU crecer, tal vez hasta un 7% este a\u00f1o, lo que significar\u00e1 un mayor mercado para las exportaciones mexicanas, m\u00e1s dinero disponible en los bolsillos de los paisanos all\u00e1 y por lo tanto un aumento de las remesas y, muy probablemente, un incremento en el n\u00famero de turistas a nuestro pa\u00eds.<\/p>\n<p>El tema migratorio fue uno de los que m\u00e1s acapar\u00f3 la atenci\u00f3n de los periodistas.<\/p>\n<p>Biden neg\u00f3 que la llegada de tantos centroamericanos a su pa\u00eds se deba a que \u00e9l sea un \u201cbuen tipo\u201d y asegur\u00f3 que las autoridades migratorias est\u00e1n aumentando su estructura que \u201cTrump desmantel\u00f3\u201d para atender a los migrantes y acept\u00f3 que va a tomar tiempo corregir la situaci\u00f3n.<\/p>\n<p>Anunci\u00f3 que las instalaciones de Fort Bliss en El Paso (Texas) est\u00e1n adecu\u00e1ndose para recibir pronto a 1000 personas que estar\u00e1n ah\u00ed sin privaciones.<\/p>\n<p>Fue enf\u00e1tico al decir que no permitir\u00e1 que ni\u00f1os \u201cse mueran de hambre\u201d y \u201cse queden del otro lado\u201d de la frontera, es decir, en M\u00e9xico, y que est\u00e1 \u201cdeshaciendo la pol\u00edtica de separar a los ni\u00f1os de sus madres\u201d que aplic\u00f3 Trump y que no se disculpa por ello.<\/p>\n<p>Respecto a las relaciones de su pa\u00eds con China, calific\u00f3 al presidente Xi Jinping como un \u201ctipo inteligente\u201d que \u201cno tiene un hueso democr\u00e1tico en su cuerpo\u201d y que, al igual que Vladimir Putin, cree que los reg\u00edmenes autoritarios son superiores a los democr\u00e1ticos para resolver los complejos problemas de la actualidad. Dijo que dej\u00f3 varias cosas claras a Xi en su llamada telef\u00f3nica de dos horas: que EEUU \u201cno busca la confrontaci\u00f3n, aunque sabemos que habr\u00e1 una competencia muy fuerte\u201d, &nbsp;que \u201ctendremos una fuerte competencia, pero insistiremos en que China cumpla con las reglas internacionales esenciales\u201d, que \u201cEEUU competir\u00e1 eficazmente contra China invirtiendo en los trabajadores y la ciencia estadounidenses\u201d. Enfatiz\u00f3 que durante su presidencia, China no tomar\u00e1 el lugar de EEUU como el pa\u00eds m\u00e1s rico y poderoso del mundo.<\/p>\n<p>En una parte de su conferencia anunci\u00f3 que espera buscar la reelecci\u00f3n en 2025 con Kamala Harris como su compa\u00f1era de f\u00f3rmula.<\/p>\n<p>Corea del Norte, Afganist\u00e1n y los esfuerzos republicanos para privar del voto a las minor\u00edas fueron otros temas que se abordaron en el evento.<\/p>\n<p><strong>Twitter: @ruizhealy<\/strong><br \/><strong>Facebook: Eduardo J Ruiz-Healy<\/strong><br \/><strong>Instagram: ruizhealy<\/strong><br \/><strong>Sitio: <a target=\"_blank\" rel=\"nofollow noopener\" href=\"https:\/\/ruizhealytimes.com\/\">ruizhealytimes.com<\/a><\/strong><\/p><\/p>\n","protected":false},"excerpt":{"rendered":"<p>Por: Eduardo Ru\u00edz-Healy.<\/p>\n","protected":false},"author":1054,"featured_media":33346,"comment_status":"open","ping_status":"open","sticky":false,"template":"","format":"standard","meta":{"tdm_status":"","tdm_grid_status":"","footnotes":""},"categories":[25],"tags":[],"_links":{"self":[{"href":"https:\/\/dralvarez.com.mx\/larevista\/wp-json\/wp\/v2\/posts\/18160"}],"collection":[{"href":"https:\/\/dralvarez.com.mx\/larevista\/wp-json\/wp\/v2\/posts"}],"about":[{"href":"https:\/\/dralvarez.com.mx\/larevista\/wp-json\/wp\/v2\/types\/post"}],"author":[{"embeddable":true,"href":"https:\/\/dralvarez.com.mx\/larevista\/wp-json\/wp\/v2\/users\/1054"}],"replies":[{"embeddable":true,"href":"https:\/\/dralvarez.com.mx\/larevista\/wp-json\/wp\/v2\/comments?post=18160"}],"version-history":[{"count":1,"href":"https:\/\/dralvarez.com.mx\/larevista\/wp-json\/wp\/v2\/posts\/18160\/revisions"}],"predecessor-version":[{"id":33345,"href":"https:\/\/dralvarez.com.mx\/larevista\/wp-json\/wp\/v2\/posts\/18160\/revisions\/33345"}],"wp:featuredmedia":[{"embeddable":true,"href":"https:\/\/dralvarez.com.mx\/larevista\/wp-json\/wp\/v2\/media\/33346"}],"wp:attachment":[{"href":"https:\/\/dralvarez.com.mx\/larevista\/wp-json\/wp\/v2\/media?parent=18160"}],"wp:term":[{"taxonomy":"category","embeddable":true,"href":"https:\/\/dralvarez.com.mx\/larevista\/wp-json\/wp\/v2\/categories?post=18160"},{"taxonomy":"post_tag","embeddable":true,"href":"https:\/\/dralvarez.com.mx\/larevista\/wp-json\/wp\/v2\/tags?post=18160"}],"curies":[{"name":"wp","href":"https:\/\/api.w.org\/{rel}","templated":true}]}}