{"id":18140,"date":"2021-03-22T00:00:00","date_gmt":"2021-03-22T06:00:00","guid":{"rendered":"https:\/\/dralvarez.com.mx\/larevista\/blog\/biden-pretende-hacerlo-no-dudo-que-amlo-tambien"},"modified":"2024-02-23T09:26:52","modified_gmt":"2024-02-23T15:26:52","slug":"biden-pretende-hacerlo-no-dudo-que-amlo-tambien","status":"publish","type":"post","link":"https:\/\/dralvarez.com.mx\/larevista\/opiniones\/biden-pretende-hacerlo-no-dudo-que-amlo-tambien","title":{"rendered":"Biden pretende hacerlo, no dudo que AMLO tambi\u00e9n"},"content":{"rendered":"<p><b>Por: Eduardo Ru\u00edz-Healy.<\/b><\/p>\n<\/p>\n<p>La dimensi\u00f3n de la cat\u00e1strofe econ\u00f3mica causada por el COVID-19 se aprecia en un an\u00e1lisis que el jueves pasado difundi\u00f3 el Pew Research Center, un <i>think tank<\/i>&nbsp;no partidista con sede en Washington, DC.<\/p>\n<p>El estudio, que se basa en datos del Banco Mundial, se titula \u201cLa pandemia detiene el crecimiento de la clase media mundial, aumenta dr\u00e1sticamente la pobreza \u2013 Las econom\u00edas avanzadas tambi\u00e9n experimentan una disminuci\u00f3n en los niveles de vida\u201d y se\u00f1ala que \u201cla clase media global incluy\u00f3 a 54 millones de personas menos en 2020 que el n\u00famero proyectado antes del inicio de la pandemia. Mientras tanto, se estima que el n\u00famero de pobres aument\u00f3 en 131 millones debido a la recesi\u00f3n. La ca\u00edda de la clase media mundial se centr\u00f3 en el sur de Asia y en el este de Asia y el Pac\u00edfico, y detuvo la expansi\u00f3n observada en los a\u00f1os anteriores a la pandemia. El sur de Asia, espec\u00edficamente la India, junto con el \u00c1frica subsahariana, representaron la mayor parte del aumento de la pobreza, revirtiendo a\u00f1os de progreso en este frente\u201d.<\/p>\n<p>El an\u00e1lisis define las clases econ\u00f3micas de acuerdo con el ingreso diario en d\u00f3lares que percibe una persona (con tipos cambio ajustados por las diferencias en los precios de bienes y servicios entre pa\u00edses): as\u00ed, son pobres quienes viven con 2 d\u00f3lares o menos; son personas de ingresos bajos los que perciben de 2.01 a 10 d\u00f3lares; son de ingresos medios los que ganan de 10.01 a 20 d\u00f3lares; de ingresos medios altos los que reciben de 20.01 a 50; y de altos ingresos los que ganan m\u00e1s de 50.<\/p>\n<p>Como resultado de la pandemia y la crisis econ\u00f3mica que ha generado, se redujo la cantidad de quienes ganaban 10.01 d\u00f3lares o m\u00e1s; el n\u00famero de personas de ingresos altos (50.01 d\u00f3lares o m\u00e1s) disminuy\u00f3 en 62 millones en 2020; el de personas con ingresos medios altos (20.01 a 50.00 d\u00f3lares) disminuy\u00f3 en 36 millones; el de personas con ingresos medios (10.01 a 20.00 d\u00f3lares) disminuy\u00f3 en 54 millones.<\/p>\n<p>Peor a\u00fan, el n\u00famero de personas de ingresos bajos (2.01 a 10.00 d\u00f3lares) aument\u00f3 en 21 millones, mientras que el n\u00famero de personas que viven con dos o menos d\u00f3lares diarios aument\u00f3 en \u00a1131 millones!<\/p>\n<p>Lo anterior significa que 803 millones de personas sobreviven con hasta dos d\u00f3lares diarios, y 3956 millones con entre 2.01 y 10.00 d\u00f3lares. Estos 4759 millones de mujeres, hombres y ni\u00f1os que viven sin tener acceso a la mayor\u00eda de los bienes y servicios que les permitir\u00edan disfrutar de un nivel de vida decente, representan al 61% de la humanidad.<\/p>\n<p>Esos pobres o medio pobres, los de M\u00e9xico incluidos, no se ver\u00e1n beneficiados por los aumentos del PIB que supuestamente se registrar\u00e1n en los a\u00f1os venideros. Como siempre, quienes pertenecen a los grupos de mayores ingresos ser\u00e1n los que primero disfruten los beneficios que otorga una econom\u00eda m\u00e1s din\u00e1mica.<\/p>\n<p>Para atender a tantos pobres, los gobiernos de la mayor\u00eda de los pa\u00edses deber\u00e1n adoptar medidas dr\u00e1sticas para allegarse de recursos, como la de aumentarles los impuestos a quienes m\u00e1s ganan. Eso pretende hacer Joe Biden en EEUU y no dudo que eso anuncie el presidente Andr\u00e9s Manuel L\u00f3pez Obrador despu\u00e9s de las elecciones de junio, cuando no necesite de mayor\u00edas calificadas en el Congreso para lograr la aprobaci\u00f3n de una nueva ley de ingresos.<\/p>\n<p><b>Twitter: @ruizhealy<\/b><br \/><b>Facebook: Eduardo J Ruiz-Healy<\/b><br \/><b>Instagram: ruizhealy<\/b><br \/><b>Sitio: <a target=\"_blank\" rel=\"nofollow noopener\" href=\"https:\/\/ruizhealytimes.com\/\">ruizhealytimes.com<\/a><\/b><\/p><\/p>\n","protected":false},"excerpt":{"rendered":"<p>Por: Eduardo Ru\u00edz-Healy.<\/p>\n","protected":false},"author":1054,"featured_media":33327,"comment_status":"open","ping_status":"open","sticky":false,"template":"","format":"standard","meta":{"tdm_status":"","tdm_grid_status":"","footnotes":""},"categories":[25],"tags":[],"_links":{"self":[{"href":"https:\/\/dralvarez.com.mx\/larevista\/wp-json\/wp\/v2\/posts\/18140"}],"collection":[{"href":"https:\/\/dralvarez.com.mx\/larevista\/wp-json\/wp\/v2\/posts"}],"about":[{"href":"https:\/\/dralvarez.com.mx\/larevista\/wp-json\/wp\/v2\/types\/post"}],"author":[{"embeddable":true,"href":"https:\/\/dralvarez.com.mx\/larevista\/wp-json\/wp\/v2\/users\/1054"}],"replies":[{"embeddable":true,"href":"https:\/\/dralvarez.com.mx\/larevista\/wp-json\/wp\/v2\/comments?post=18140"}],"version-history":[{"count":1,"href":"https:\/\/dralvarez.com.mx\/larevista\/wp-json\/wp\/v2\/posts\/18140\/revisions"}],"predecessor-version":[{"id":33326,"href":"https:\/\/dralvarez.com.mx\/larevista\/wp-json\/wp\/v2\/posts\/18140\/revisions\/33326"}],"wp:featuredmedia":[{"embeddable":true,"href":"https:\/\/dralvarez.com.mx\/larevista\/wp-json\/wp\/v2\/media\/33327"}],"wp:attachment":[{"href":"https:\/\/dralvarez.com.mx\/larevista\/wp-json\/wp\/v2\/media?parent=18140"}],"wp:term":[{"taxonomy":"category","embeddable":true,"href":"https:\/\/dralvarez.com.mx\/larevista\/wp-json\/wp\/v2\/categories?post=18140"},{"taxonomy":"post_tag","embeddable":true,"href":"https:\/\/dralvarez.com.mx\/larevista\/wp-json\/wp\/v2\/tags?post=18140"}],"curies":[{"name":"wp","href":"https:\/\/api.w.org\/{rel}","templated":true}]}}