{"id":18126,"date":"2021-03-20T00:00:00","date_gmt":"2021-03-20T06:00:00","guid":{"rendered":"https:\/\/dralvarez.com.mx\/larevista\/blog\/lo-que-ha-dicho-amlo-sobre-la-pandemia-es-lo-que-a-el-le-han-dicho-2"},"modified":"2024-02-23T09:26:00","modified_gmt":"2024-02-23T15:26:00","slug":"lo-que-ha-dicho-amlo-sobre-la-pandemia-es-lo-que-a-el-le-han-dicho-2","status":"publish","type":"post","link":"https:\/\/dralvarez.com.mx\/larevista\/opiniones\/lo-que-ha-dicho-amlo-sobre-la-pandemia-es-lo-que-a-el-le-han-dicho-2","title":{"rendered":"Lo que ha dicho AMLO sobre la pandemia  es lo que a \u00e9l le han dicho"},"content":{"rendered":"<p><b>Por: Eduardo Ru\u00edz-Healy.<\/b><\/p>\n<p><b>Twitter: @ruizhealy \/ Facebook: Eduardo J Ruiz-Healy<\/b><br \/><b>Instagram: ruizhealy \/ Sitio: ruizhealytimes.com<\/b><\/p>\n<p>No conf\u00edo en los funcionarios que hoy son due\u00f1os de la Secretar\u00eda de Salud. Tanto el secretario Jorge Alcocer como su alumno consentido, el subsecretario de Prevenci\u00f3n y Promoci\u00f3n de la Salud, Hugo L\u00f3pez-Gatell, han demostrado ser un par de mentirosos contumaces desde que se report\u00f3 el primer caso de COVID-19 en nuestro pa\u00eds, el 28 de febrero del a\u00f1o pasado.<\/p>\n<p>Desde entonces hasta hoy, dijeron, primero, que la nueva enfermedad causada por el coronavirus SARS-CoV-2 no era grave ni peor que una gripa; luego que lo ideal ser\u00eda que todos nos infect\u00e1ramos para alcanzar r\u00e1pidamente la inmunidad de reba\u00f1o; despu\u00e9s que el presidente Andr\u00e9s Manuel L\u00f3pez Obrador no pod\u00eda infectarse porque su \u201cfuerza moral\u201d le daba inmunidad. La lista de mentiras y falsas verdades que han salido de la boca de estos dos m\u00e9dicos son interminables y prueba de que, con tal de disfrutar del poder pol\u00edtico que les confiri\u00f3 AMLO, traicionaron el juramento hipocr\u00e1tico que hicieron al recibir su t\u00edtulo profesional, que en parte dice: \u201cDesempe\u00f1ar\u00e9 mi arte con conciencia y dignidad. La salud y la vida del enfermo ser\u00e1n las primeras de mis preocupaciones (\u2026) Mantendr\u00e9, en todas las medidas de mi medio, el honor y las nobles tradiciones de la profesi\u00f3n m\u00e9dica. Mis colegas ser\u00e1n mis hermanos. No permitir\u00e9 que entre mi deber y mi enfermo vengan a interponerse consideraciones de religi\u00f3n, de nacionalidad, de raza, partido o clase. Tendr\u00e9 absoluto respeto por la vida humana\u201d.<\/p>\n<p>Han transcurrido 415 d\u00edas desde que se reportara el primer caso de COVID-19 en M\u00e9xico y ma\u00f1ana se cumplir\u00e1 un a\u00f1o del fallecimiento de la primera v\u00edctima fatal del nuevo coronavirus. Durante todo este per\u00edodo, el d\u00fao Alcocer-L\u00f3pez-Gatell ha insistido en que la situaci\u00f3n est\u00e1 bajo control y que pronto terminar\u00e1 esta crisis sanitaria. Y peor a\u00fan, tanto ellos como sus subordinados \u2013que tambi\u00e9n traicionaron su juramento\u2013 con una calma impropia de la situaci\u00f3n y rest\u00e1ndole importancia a la dimensi\u00f3n de la tragedia que ha enlutado a decenas de miles de hogares, informan cada tarde sobre el n\u00famero de personas que han muerto por Covid-19 de un d\u00eda para otro; ayer dijeron que ya son 195 119.<\/p>\n<p>Lo peor del caso es que el secretario y su alumno convencieron desde un principio a AMLO de que la pandemia no representar\u00eda un problema grave, que la enfermedad no era de cuidado, que no val\u00eda la pena gastar recursos en la adquisici\u00f3n de pruebas que permitieran darle seguimiento al avance del coronavirus, que era mejor dejar que la infecci\u00f3n se esparciera hasta alcanzar el 70% de la poblaci\u00f3n, que no era necesario usar cubrebocas, que la sana distancia deb\u00eda ser de un metro y medio y no de dos metros o m\u00e1s como lo recomiendan la CDC estadounidense o la OMS de Naciones Unidas, que las cifras para M\u00e9xico demostraban que la pandemia hab\u00eda afectado menos a nuestro pa\u00eds que a otros, y que la enfermedad dejar\u00eda muy pronto de ser un problema.<\/p>\n<p>Lo que a lo largo de la pandemia ha dicho el presidente es lo que a \u00e9l le han dicho los dos siniestros personajes que tanto admira. Si no, \u00bfc\u00f3mo explicarse que se negara a usar un cubrebocas, que afirmara que sus escapularios lo proteg\u00edan del virus, que la pandemia estaba domada, que la curva estaba aplanada o que invitara a la gente a salir y darse besos y abrazos?<\/p>\n<p>Mientras Alcocer y L\u00f3pez-Gatell influyan sobre el presidente, no esperemos ning\u00fan cambio en la fallida estrategia contra la pandemia.<\/p><\/p>\n","protected":false},"excerpt":{"rendered":"<p>Por: Eduardo Ru\u00edz-Healy.<\/p>\n","protected":false},"author":1054,"featured_media":33314,"comment_status":"open","ping_status":"open","sticky":false,"template":"","format":"standard","meta":{"tdm_status":"","tdm_grid_status":"","footnotes":""},"categories":[25],"tags":[],"_links":{"self":[{"href":"https:\/\/dralvarez.com.mx\/larevista\/wp-json\/wp\/v2\/posts\/18126"}],"collection":[{"href":"https:\/\/dralvarez.com.mx\/larevista\/wp-json\/wp\/v2\/posts"}],"about":[{"href":"https:\/\/dralvarez.com.mx\/larevista\/wp-json\/wp\/v2\/types\/post"}],"author":[{"embeddable":true,"href":"https:\/\/dralvarez.com.mx\/larevista\/wp-json\/wp\/v2\/users\/1054"}],"replies":[{"embeddable":true,"href":"https:\/\/dralvarez.com.mx\/larevista\/wp-json\/wp\/v2\/comments?post=18126"}],"version-history":[{"count":1,"href":"https:\/\/dralvarez.com.mx\/larevista\/wp-json\/wp\/v2\/posts\/18126\/revisions"}],"predecessor-version":[{"id":33313,"href":"https:\/\/dralvarez.com.mx\/larevista\/wp-json\/wp\/v2\/posts\/18126\/revisions\/33313"}],"wp:featuredmedia":[{"embeddable":true,"href":"https:\/\/dralvarez.com.mx\/larevista\/wp-json\/wp\/v2\/media\/33314"}],"wp:attachment":[{"href":"https:\/\/dralvarez.com.mx\/larevista\/wp-json\/wp\/v2\/media?parent=18126"}],"wp:term":[{"taxonomy":"category","embeddable":true,"href":"https:\/\/dralvarez.com.mx\/larevista\/wp-json\/wp\/v2\/categories?post=18126"},{"taxonomy":"post_tag","embeddable":true,"href":"https:\/\/dralvarez.com.mx\/larevista\/wp-json\/wp\/v2\/tags?post=18126"}],"curies":[{"name":"wp","href":"https:\/\/api.w.org\/{rel}","templated":true}]}}