{"id":18106,"date":"2021-03-19T00:00:00","date_gmt":"2021-03-19T06:00:00","guid":{"rendered":"https:\/\/dralvarez.com.mx\/larevista\/blog\/en-vez-de-una-cuarta-transformacion-un-neopriismo"},"modified":"2024-02-23T09:25:18","modified_gmt":"2024-02-23T15:25:18","slug":"en-vez-de-una-cuarta-transformacion-un-neopriismo","status":"publish","type":"post","link":"https:\/\/dralvarez.com.mx\/larevista\/opiniones\/en-vez-de-una-cuarta-transformacion-un-neopriismo","title":{"rendered":"En vez de una Cuarta Transformaci\u00f3n, \u00bfun neopriismo?"},"content":{"rendered":"<p><b>Por: Eduardo Ru\u00edz-Healy.<\/b><\/p>\n<\/p>\n<p>Entre el 5 de febrero de|1917, cuando fue promulgada, hasta el 30 de noviembre de 1928, d\u00eda en que concluy\u00f3 el cuatrienio del presidente Plutarco El\u00edas Calles, la Constituci\u00f3n fue reformada siete veces. La del 22 de enero de 1927 reform\u00f3 el Art\u00edculo 83 mediante el cual los Constituyentes de 1917 consagraron el principio de no reelecci\u00f3n que para lanzar su revoluci\u00f3n enarbol\u00f3 Francisco I. Madero.<\/p>\n<p>As\u00ed, el 83 que originalmente dec\u00eda que \u201cEl Presidente entrar\u00e1 a ejercer su encargo el 1o. de diciembre, durar\u00e1 en \u00e9l cuatro a\u00f1os, y nunca podr\u00e1 ser reelecto\u201d qued\u00f3 transformado despu\u00e9s de ser reformado por los legisladores serviles a Calles y a su antecesor, \u00c1lvaro Obreg\u00f3n, que gobern\u00f3 al pa\u00eds de 1920 a 1924 y quer\u00eda reelegirse en 1928: \u201cEl presidente entrar\u00e1 a ejercer su encargo el primero de diciembre del a\u00f1o en que se celebre la elecci\u00f3n; durar\u00e1 en el cuatro a\u00f1os\u2026 No podr\u00e1 ser electo para el per\u00edodo inmediato. Pasado \u00e9ste, podr\u00e1 desempe\u00f1ar nuevamente el cargo de Presidente, s\u00f3lo por un periodo m\u00e1s.\u201d.<\/p>\n<p>En el Diario Oficial del 22 de enero de 1927 pueden leerse los nombres de los senadores y diputados que por obediencia a su patr\u00f3n aprobaron la reforma y traicionaron a Madero.<\/p>\n<p>Obreg\u00f3n fue el candidato presidencial del Partido Laborista y en su primer discurso de campa\u00f1a dijo que acept\u00f3 ir nuevamente por la presidencia \u201cpara combatir la reacci\u00f3n confabulada con el partido conservador\u201d. Para \u00e9l como para el actual presidente de M\u00e9xico, todos sus enemigos eran conservadores.<\/p>\n<p>Obreg\u00f3n fue asesinado el 17 de julio de 1928, despu\u00e9s de ganar la elecci\u00f3n presidencial, y Calles aprovech\u00f3 su muerte para imponer a tres presidentes t\u00edteres que lo reconocieron como el Jefe M\u00e1ximo durante el periodo conocido como El Maximato (1928-1934).<\/p>\n<p>Durante esos seis a\u00f1os la Constituci\u00f3n se reform\u00f3 13 veces.<\/p>\n<p>Del 1 de diciembre de 1934 al 30 de noviembre de 2018 el pa\u00eds tuvo 12 presidentes priistas y dos panistas y durante ese periodo la Constituci\u00f3n fue reformada 657 veces de acuerdo con la visi\u00f3n, ideolog\u00eda, intereses y caprichos de cada uno de ellos.<\/p>\n<p>Los presidentes que gobernaron de 1934 a 1970 no la reformaron mucho: C\u00e1rdenas (19 reformas), \u00c1vila Camacho (18), Alem\u00e1n (20), Ruiz Cortines (2), L\u00f3pez Mateos (11), D\u00edaz Ordaz (19).<\/p>\n<p>Pero a partir de 1970 los presidentes priistas, aprovechando sus mayor\u00edas legislativas, se dieron vuelo: Echeverr\u00eda (40 reformas), L\u00f3pez Portillo (34), De la Madrid (66), Salinas (55), Zedillo (77).<\/p>\n<p>Fox, que no contaba con el apoyo de muchos legisladores la reform\u00f3 apenas 31 veces, pero despu\u00e9s de \u00e9l Calder\u00f3n y Pe\u00f1a Nieto se volaron la barda y, a\u00fan sin tener mayor\u00edas calificadas en el Congreso, lograron 110 y 155 reformas, respectivamente.<\/p>\n<p>El actual presidente tambi\u00e9n ha reformado decenas de veces a la Constituci\u00f3n y ahora amenaza con usar su mayor\u00eda cualificada para restarle facultades al Poder Judicial de la Federaci\u00f3n y convertirlo en un ap\u00e9ndice del Ejecutivo, tal como en los tiempos del priismo autoritario.<\/p>\n<p>Todo indica que el presidente Andr\u00e9s Manuel L\u00f3pez Obrador, aprovechando la mayor\u00eda calificada que tiene en el Congreso gracias al voto que le otorg\u00f3 una mayor\u00eda de los mexicanos en julio de 2018, se propone instaurar un sistema neopriista que lejos de ser una Cuarta Transformaci\u00f3n significar\u00e1 un regreso al pasado.<\/p>\n<p><b>Twitter: @ruizhealy<\/b><br \/><b>Facebook: Eduardo J Ruiz-Healy<\/b><br \/><b>Instagram: ruizhealy<\/b><br \/><b>Sitio: <a target=\"_blank\" rel=\"nofollow noopener\" href=\"https:\/\/ruizhealytimes.com\/\">ruizhealytimes.com<\/a><\/b><\/p><\/p>\n","protected":false},"excerpt":{"rendered":"<p>Por: Eduardo Ru\u00edz-Healy.<\/p>\n","protected":false},"author":1054,"featured_media":33295,"comment_status":"open","ping_status":"open","sticky":false,"template":"","format":"standard","meta":{"tdm_status":"","tdm_grid_status":"","footnotes":""},"categories":[25],"tags":[],"_links":{"self":[{"href":"https:\/\/dralvarez.com.mx\/larevista\/wp-json\/wp\/v2\/posts\/18106"}],"collection":[{"href":"https:\/\/dralvarez.com.mx\/larevista\/wp-json\/wp\/v2\/posts"}],"about":[{"href":"https:\/\/dralvarez.com.mx\/larevista\/wp-json\/wp\/v2\/types\/post"}],"author":[{"embeddable":true,"href":"https:\/\/dralvarez.com.mx\/larevista\/wp-json\/wp\/v2\/users\/1054"}],"replies":[{"embeddable":true,"href":"https:\/\/dralvarez.com.mx\/larevista\/wp-json\/wp\/v2\/comments?post=18106"}],"version-history":[{"count":1,"href":"https:\/\/dralvarez.com.mx\/larevista\/wp-json\/wp\/v2\/posts\/18106\/revisions"}],"predecessor-version":[{"id":33294,"href":"https:\/\/dralvarez.com.mx\/larevista\/wp-json\/wp\/v2\/posts\/18106\/revisions\/33294"}],"wp:featuredmedia":[{"embeddable":true,"href":"https:\/\/dralvarez.com.mx\/larevista\/wp-json\/wp\/v2\/media\/33295"}],"wp:attachment":[{"href":"https:\/\/dralvarez.com.mx\/larevista\/wp-json\/wp\/v2\/media?parent=18106"}],"wp:term":[{"taxonomy":"category","embeddable":true,"href":"https:\/\/dralvarez.com.mx\/larevista\/wp-json\/wp\/v2\/categories?post=18106"},{"taxonomy":"post_tag","embeddable":true,"href":"https:\/\/dralvarez.com.mx\/larevista\/wp-json\/wp\/v2\/tags?post=18106"}],"curies":[{"name":"wp","href":"https:\/\/api.w.org\/{rel}","templated":true}]}}