{"id":18078,"date":"2021-03-15T00:00:00","date_gmt":"2021-03-15T06:00:00","guid":{"rendered":"https:\/\/dralvarez.com.mx\/larevista\/blog\/todo-lo-que-digan-de-mi-es-cierto-salgado-macedonio"},"modified":"2024-02-23T00:36:23","modified_gmt":"2024-02-23T06:36:23","slug":"todo-lo-que-digan-de-mi-es-cierto-salgado-macedonio","status":"publish","type":"post","link":"https:\/\/dralvarez.com.mx\/larevista\/opiniones\/todo-lo-que-digan-de-mi-es-cierto-salgado-macedonio","title":{"rendered":"\u201cTodo lo que digan de m\u00ed es cierto\u201d: Salgado Macedonio"},"content":{"rendered":"<p><b>Por: Eduardo Ru\u00edz-Healy.<\/b><\/p>\n<\/p>\n<p>El 64.5% de los guerrerenses que se declaran morenistas opin\u00f3 que el candidato de su partido a la gubernatura de su estado deb\u00eda ser F\u00e9lix Salgado Macedonio; 23.5% mas que Luis Walton.<\/p>\n<p>Lo anterior de acuerdo con la encuesta que a finales de febrero realiz\u00f3 la encuestadora AZ2, despu\u00e9s de que la Comisi\u00f3n de Honor y Justicia de MORENA le retirara la candidatura a Salgado y antes de que se la volviera a dar con base en los resultados obtenidos en una nueva encuesta que supuestamente hizo entre los morenistas de Guerrero.<\/p>\n<p>Es decir que, para los morenistas de Guerrero, el dos veces diputado federal, expresidente municipal de Acapulco y senador con licencia es el id\u00f3neo para representar a su partido en la elecci\u00f3n para gobernador que se efectuar\u00e1 el 6 de junio entrante, sin importar que contra \u00e9l se hayan presentado dos denuncias de violaci\u00f3n y tres de abuso sexual.<\/p>\n<p>De los cinco delitos presuntamente perpetrados por \u00e9l, uno de violaci\u00f3n ya prescribi\u00f3 en vista de que ocurri\u00f3 en 1998; otro se cometi\u00f3 en 2007, cuando era presidente municipal; y los otros tres en 2016, cuando era director de la edici\u00f3n guerrerense del peri\u00f3dico <em>La Jornada<\/em>.<\/p>\n<p>Ninguna denuncia prosper\u00f3 y se sabe que la investigaci\u00f3n de una violaci\u00f3n supuestamente cometida en 2016 fue detenida en 2017 por \u00f3rdenes del actual gobernador, el priista H\u00e9ctor Astudillo, seg\u00fan lo ha confirmado el exfiscal general de justicia de Guerrero, Xavier Olea Pel\u00e1ez.<\/p>\n<p>El 8 de enero pasado, la Fiscal\u00eda General de Justicia de Guerrero, que ahora dirige Jorge Zuriel de los Santos, anunci\u00f3 que revisar\u00eda dicha investigaci\u00f3n para determinar, en definitiva, si procede o no contra Salgado. Dos meses han transcurrido y nada nuevo se ha sabido sobre el caso, lo que demuestra una vez m\u00e1s que la velocidad con que se imparte la justicia en M\u00e9xico es una para los poderosos y otra para la gente com\u00fan. Si no, \u00bfc\u00f3mo explicarse que un delito que presuntamente se cometi\u00f3 hace cinco a\u00f1os no haya sido debidamente investigado y resuelto?<\/p>\n<p>En una entrevista que concedi\u00f3 a finales de octubre de 2017 a un noticiero local que se transmite en Chilpancingo, Salgado dijo: \u201cYo tengo m\u00e1s negativos que positivos (\u2026) Cuando me dicen: Oye hay que fortalecer aqu\u00ed porque andas bajo, la fama es mala, muy mala, mujeriego, parrandero, jugador, borracho, todos los vicios de Gabino Barrera y de Sim\u00f3n Blanco me los juntaron. Oye hay que corregir eso, y yo les digo: \u00a1Ay no manchen!, ahora a mis 60 a\u00f1os me quieren quitar todo eso, no pus no, yo ya estoy viejo, \u00e1rbol que crece torcido jam\u00e1s su tronco endereza. Yo as\u00ed soy, soy incorregible, soy impredecible, soy incalumniable, todo lo que digan de m\u00ed es cierto\u201d.<\/p>\n<p>Este es el candidato de MORENA definido por \u00e9l mismo.<\/p>\n<p>Entonces, de acuerdo con \u00e9l mismo, \u00bfson ciertas las acusaciones en su contra?<\/p>\n<p>Ahora bien, Salgado podr\u00eda perder la elecci\u00f3n ya que, de acuerdo con la misma encuesta a la que me refer\u00ed l\u00edneas arriba, al preguntarle a los no morenistas por qui\u00e9n votar\u00e1n, 47.3% dijo que por otro candidato, 36.2% por Salgado y 13.3% por otro candidato morenista.<\/p>\n<p>Que gane o pierda el presunto delincuente sexual depender\u00e1 de qu\u00e9 tan capaz sea alguno de sus rivales para convencer a los votantes de que hay una mejor opci\u00f3n que el morenista.<\/p>\n<p><strong>Twitter: @ruizhealy<\/strong><br \/><strong>Facebook: Eduardo J Ruiz-Healy<\/strong><br \/><strong>Instagram: ruizhealy<\/strong><br \/><strong>Sitio: <a target=\"_blank\" rel=\"nofollow noopener\" href=\"https:\/\/ruizhealytimes.com\/\">ruizhealytimes.com<\/a><\/strong><\/p><\/p>\n","protected":false},"excerpt":{"rendered":"<p>Por: Eduardo Ru\u00edz-Healy.<\/p>\n","protected":false},"author":1054,"featured_media":33271,"comment_status":"open","ping_status":"open","sticky":false,"template":"","format":"standard","meta":{"tdm_status":"","tdm_grid_status":"","footnotes":""},"categories":[25],"tags":[],"_links":{"self":[{"href":"https:\/\/dralvarez.com.mx\/larevista\/wp-json\/wp\/v2\/posts\/18078"}],"collection":[{"href":"https:\/\/dralvarez.com.mx\/larevista\/wp-json\/wp\/v2\/posts"}],"about":[{"href":"https:\/\/dralvarez.com.mx\/larevista\/wp-json\/wp\/v2\/types\/post"}],"author":[{"embeddable":true,"href":"https:\/\/dralvarez.com.mx\/larevista\/wp-json\/wp\/v2\/users\/1054"}],"replies":[{"embeddable":true,"href":"https:\/\/dralvarez.com.mx\/larevista\/wp-json\/wp\/v2\/comments?post=18078"}],"version-history":[{"count":1,"href":"https:\/\/dralvarez.com.mx\/larevista\/wp-json\/wp\/v2\/posts\/18078\/revisions"}],"predecessor-version":[{"id":33270,"href":"https:\/\/dralvarez.com.mx\/larevista\/wp-json\/wp\/v2\/posts\/18078\/revisions\/33270"}],"wp:featuredmedia":[{"embeddable":true,"href":"https:\/\/dralvarez.com.mx\/larevista\/wp-json\/wp\/v2\/media\/33271"}],"wp:attachment":[{"href":"https:\/\/dralvarez.com.mx\/larevista\/wp-json\/wp\/v2\/media?parent=18078"}],"wp:term":[{"taxonomy":"category","embeddable":true,"href":"https:\/\/dralvarez.com.mx\/larevista\/wp-json\/wp\/v2\/categories?post=18078"},{"taxonomy":"post_tag","embeddable":true,"href":"https:\/\/dralvarez.com.mx\/larevista\/wp-json\/wp\/v2\/tags?post=18078"}],"curies":[{"name":"wp","href":"https:\/\/api.w.org\/{rel}","templated":true}]}}