{"id":18074,"date":"2021-03-15T00:00:00","date_gmt":"2021-03-15T06:00:00","guid":{"rendered":"https:\/\/dralvarez.com.mx\/larevista\/blog\/beltrones-deberia-estar-muy-preocupado-2"},"modified":"2024-02-23T00:36:16","modified_gmt":"2024-02-23T06:36:16","slug":"beltrones-deberia-estar-muy-preocupado-2","status":"publish","type":"post","link":"https:\/\/dralvarez.com.mx\/larevista\/opiniones\/beltrones-deberia-estar-muy-preocupado-2","title":{"rendered":"Beltrones deber\u00eda estar muy preocupado"},"content":{"rendered":"<p><b>Por: Eduardo Ru\u00edz-Healy.<\/b><\/p>\n<p><b>Twitter: @ruizhealy<\/b><br \/><b>Facebook: Eduardo J Ruiz-Healy<\/b><br \/><b>Instagram: ruizhealy<\/b><br \/><b>Sitio: ruizhealytimes.com<\/b><\/p>\n<p>El 11 de diciembre de 2019, el diario Reforma destac\u00f3 en su primera plana lo siguiente: \u201cIndagan a Manlio. Arma la Fiscal\u00eda General de la Rep\u00fablica carpeta en su contra\u201d.<\/p>\n<p>La nota dec\u00eda: \u201cEl Gobierno federal investiga a Manlio Fabio Beltrones (\u2026) ya pidi\u00f3 un amparo y protecci\u00f3n de la justicia contra cualquier posible orden de aprehensi\u00f3n (\u2026) ha sido se\u00f1alado por los desv\u00edos de 250 millones de pesos que el Gobierno federal transfiri\u00f3 a Chihuahua en la gesti\u00f3n del ex Gobernador Duarte, y que luego fueron abonados al PRI para financiar campa\u00f1as electorales en 2016\u201d.<\/p>\n<p>Al d\u00eda siguiente, durante su conferencia de prensa, el presidente Andr\u00e9s Manuel L\u00f3pez Obrador no confirm\u00f3 si la FGR estaba investigando o no a Beltrones, pero s\u00ed que \u00e9ste hab\u00eda solicitado un amparo \u201cque tiene \u00e9l, desde luego, derecho a solicitar\u2026\u201d.<\/p>\n<p>Desde entonces y hasta ahora, nada ha ocurrido en torno a esa investigaci\u00f3n, como tampoco nada ocurri\u00f3 en torno a otras denuncias contra el sonorense que la extinta PGR nunca investig\u00f3 a fondo.<\/p>\n<p>Hoy Beltrones mantiene un bajo perfil, pero seguramente contin\u00faa haciendo pol\u00edtica a trav\u00e9s del grupo que fue armando durante los 40 a\u00f1os en que fue ascendiendo la pir\u00e1mide del poder pol\u00edtico.<\/p>\n<p>De todos sus aliados quien le es m\u00e1s leal es su hija Sylvana, de 36 a\u00f1os, que hoy es senadora priista por Sonora y que, de 2015 a 2018, fue diputada federal.<\/p>\n<p>Casada con Pablo Escudero, exlegislador por el PVEM que ha sido acusado de enriquecimiento inexplicable, Sylvana se encuentra hoy en medio del ojo del hurac\u00e1n despu\u00e9s de que el diario espa\u00f1ol El Pa\u00eds publicara que entre 2009 y 2010, cuando ten\u00eda 26 a\u00f1os y su padre era el l\u00edder de los senadores priistas, deposit\u00f3 10.4 millones de d\u00f3lares en la Banca Privada d\u2019Andorra (BPA) y que \u201csu madre abri\u00f3 entre 2008 y 2009 en la BPA otras dos cuentas que no llegaron a tener movimientos (\u2026) que su intenci\u00f3n era depositar 2.8 millones de d\u00f3lares de la supuesta venta de dos apartamentos en Miami\u201d.<\/p>\n<p>El Pa\u00eds asegura que por este asunto la FGR investiga a Beltrones, a su esposa y a su hija.<br \/>En entrevista con El Pa\u00eds, el pap\u00e1 de la senadora dijo: \u201cHe pasado por varias investigaciones. Sin problema (\u2026) No me preocupa\u201d.<\/p>\n<p>Beltrones deber\u00eda estar muy preocupado. En primer lugar, porque la FGR no es la PGR que durante tantos a\u00f1os no actu\u00f3 contra los personajes influyentes del sistema y, en segundo lugar, porque su hija supuestamente est\u00e1 siendo investigada por manejar recursos que dif\u00edcilmente podr\u00eda demostrar que eran suyos y de leg\u00edtima procedencia, por lo que podr\u00eda ser acusada de evasi\u00f3n fiscal y lavado de dinero, entre otros delitos graves.<\/p>\n<p>Incluso, la senadora Beltrones difundi\u00f3 un comunicado negando lo que afirma El Pa\u00eds; sin embargo, su explicaci\u00f3n carece de precisi\u00f3n y lejos de ayudarla genera m\u00e1s preguntas y dudas sobre el caso. Bien har\u00eda en elaborar otra explicaci\u00f3n que, si puede, eche por tierra la versi\u00f3n del diario espa\u00f1ol.<\/p>\n<p>Durante las \u00faltimas semanas, los gobiernos morenistas han decidido demostrar, a tan solo tres meses de las elecciones federales y locales, que van en contra de panistas y priistas que supuestamente son corruptos: el gobernador de Tamaulipas, Francisco Garc\u00eda Cabeza de Vaca y el expresidente del PRI en el DF, Cuauht\u00e9moc de la Torre. \u00bfAhora la senadora priista?<\/p>\n","protected":false},"excerpt":{"rendered":"<p>Por: Eduardo Ru\u00edz-Healy.<\/p>\n","protected":false},"author":1054,"featured_media":33267,"comment_status":"open","ping_status":"open","sticky":false,"template":"","format":"standard","meta":{"tdm_status":"","tdm_grid_status":"","footnotes":""},"categories":[25],"tags":[],"_links":{"self":[{"href":"https:\/\/dralvarez.com.mx\/larevista\/wp-json\/wp\/v2\/posts\/18074"}],"collection":[{"href":"https:\/\/dralvarez.com.mx\/larevista\/wp-json\/wp\/v2\/posts"}],"about":[{"href":"https:\/\/dralvarez.com.mx\/larevista\/wp-json\/wp\/v2\/types\/post"}],"author":[{"embeddable":true,"href":"https:\/\/dralvarez.com.mx\/larevista\/wp-json\/wp\/v2\/users\/1054"}],"replies":[{"embeddable":true,"href":"https:\/\/dralvarez.com.mx\/larevista\/wp-json\/wp\/v2\/comments?post=18074"}],"version-history":[{"count":1,"href":"https:\/\/dralvarez.com.mx\/larevista\/wp-json\/wp\/v2\/posts\/18074\/revisions"}],"predecessor-version":[{"id":33266,"href":"https:\/\/dralvarez.com.mx\/larevista\/wp-json\/wp\/v2\/posts\/18074\/revisions\/33266"}],"wp:featuredmedia":[{"embeddable":true,"href":"https:\/\/dralvarez.com.mx\/larevista\/wp-json\/wp\/v2\/media\/33267"}],"wp:attachment":[{"href":"https:\/\/dralvarez.com.mx\/larevista\/wp-json\/wp\/v2\/media?parent=18074"}],"wp:term":[{"taxonomy":"category","embeddable":true,"href":"https:\/\/dralvarez.com.mx\/larevista\/wp-json\/wp\/v2\/categories?post=18074"},{"taxonomy":"post_tag","embeddable":true,"href":"https:\/\/dralvarez.com.mx\/larevista\/wp-json\/wp\/v2\/tags?post=18074"}],"curies":[{"name":"wp","href":"https:\/\/api.w.org\/{rel}","templated":true}]}}