{"id":18034,"date":"2021-03-08T00:00:00","date_gmt":"2021-03-08T06:00:00","guid":{"rendered":"https:\/\/dralvarez.com.mx\/larevista\/blog\/las-mujeres-deben-ser-mas-agresivas-en-su-lucha"},"modified":"2024-02-23T00:34:28","modified_gmt":"2024-02-23T06:34:28","slug":"las-mujeres-deben-ser-mas-agresivas-en-su-lucha","status":"publish","type":"post","link":"https:\/\/dralvarez.com.mx\/larevista\/opiniones\/las-mujeres-deben-ser-mas-agresivas-en-su-lucha","title":{"rendered":"Las mujeres deben ser m\u00e1s agresivas en su lucha"},"content":{"rendered":"<p><b>Por: Eduardo Ru\u00edz-Healy.<\/b><\/p>\n<\/p>\n<p>La realidad es terrible para la mayor\u00eda de las mujeres de acuerdo con el informe <em>The World\u2019s Women 2020: Trends and Statistics<\/em>&nbsp;(Las Mujeres del Mundo 2020: Tendencias y Estad\u00edsticas), elaborado por el Departamento de Asuntos Econ\u00f3micos y Sociales de la ONU (UNDESA).<\/p>\n<p>Poco se ha avanzado desde que en la CDMX, en 1975, se realizara la 1\u00aa Conferencia Mundial de la Mujer en la cual participaron 9000 personas de 133 pa\u00edses.<\/p>\n<p>A casi 46 a\u00f1os de ese evento y pese a que se efectuaron otros similares en 1980, 1985, 2000, 2005, 2015 y 2020, las mujeres siguen siendo v\u00edctimas de alg\u00fan tipo de violencia y discriminaci\u00f3n.<\/p>\n<p>Esto es lo m\u00e1s importante del informe:<\/p>\n<p>\u200e\u201dMenos del 50% de las mujeres en edad de trabajar est\u00e1n en el mercado laboral, una cifra que apenas ha cambiado en el \u00faltimo cuarto de siglo. [En M\u00e9xico ese porcentaje es del 45%].<\/p>\n<p>\u201cEn un d\u00eda promedio, las mujeres en todo el mundo pasan aproximadamente tres veces m\u00e1s horas en trabajos dom\u00e9sticos y de cuidado no remunerados que los hombres (4.2 horas en comparaci\u00f3n con 1.7). [En M\u00e9xico 75% de este trabajo lo realizan las mujeres].<\/p>\n<p>\u201c\u2026muchas mujeres trabajan en los subsectores m\u00e1s afectados por el COVID-19, incluyendo el trabajo dom\u00e9stico remunerado, los servicios de alojamiento y alimentos, y el comercio minorista. Las mujeres representan m\u00e1s del 70% de los trabajadores del sector de la salud y enfrentan mayores riesgos de infecci\u00f3n que los hombres. [En M\u00e9xico tambi\u00e9n es el 70%].<\/p>\n<p>\u200e\u200e\u201dLas mujeres ocuparon solo el 28% de los puestos directivos a nivel mundial en 2019, casi la misma proporci\u00f3n que en 1995 (\u2026) solo 18% de las empresas ten\u00edan una directora ejecutiva femenina en 2020. Entre las corporaciones <em>Fortune 500<\/em>, solo 37 directores ejecutivos eran mujeres (7.4%). [En M\u00e9xico solo el 16% de estos puestos los ocupan mujeres].<\/p>\n<p>\u201cLa representaci\u00f3n de las mujeres en los parlamentos no ha cruzado la barrera del 25% de los esca\u00f1os. [En M\u00e9xico, las mujeres tienen el 48.2% de las diputaciones y el 49.2% de las senadur\u00edas]. La representaci\u00f3n de las mujeres en los ministros del gabinete se ha cuadruplicado en los \u00faltimos 25 a\u00f1os, pero en el 22% sigue estando muy por debajo de la paridad. [En M\u00e9xico 8 de las 19 secretar\u00edas de Estado (42%) est\u00e1n en manos de mujeres].<\/p>\n<p>\u200e\u201dLas mujeres siguen estando subrepresentadas en los campos de la ciencia, la tecnolog\u00eda, la ingenier\u00eda y las matem\u00e1ticas, representando solo poco m\u00e1s del 35% de los profesionistas en estas \u00e1reas del mundo. [14.5% en M\u00e9xico].<\/p>\n<p>\u201cDurante los encierros de COVID-19 muchas mujeres y ni\u00f1as corren un mayor riesgo de sufrir violencia (\u2026) Alrededor de un tercio de las mujeres en todo el mundo han sufrido violencia f\u00edsica y\/o sexual por parte de una pareja \u00edntima; 18% ha experimentado este tipo de violencia en los \u00faltimos 12 meses (\u2026) a nivel mundial, se estima que 137 mujeres son asesinadas por su pareja \u00edntima o un miembro de la familia todos los d\u00edas. [4 de las 10 mujeres que son asesinadas cada d\u00eda en M\u00e9xico]\u201d.<\/p>\n<p>Las sociedades patriarcales han impedido que las mujeres logren la paridad de oportunidades y derechos, y nada indica que las cosas cambiar\u00e1n pronto. Las mujeres deben ser m\u00e1s agresivas en su lucha para lograr la igualdad que desde siempre les han negado los hombres, sobre todo los que detentan el poder pol\u00edtico, econ\u00f3mico y\/o social.<\/p>\n<p><strong>Twitter: @ruizhealy<\/strong><br \/><strong>Facebook: Eduardo J Ruiz-Healy<\/strong><br \/><strong>Instagram: ruizhealy<\/strong><br \/><strong>Sitio: <a target=\"_blank\" rel=\"nofollow noopener\" href=\"https:\/\/ruizhealytimes.com\/\">ruizhealytimes.com<\/a><\/strong><\/p><\/p>\n","protected":false},"excerpt":{"rendered":"<p>Por: Eduardo Ru\u00edz-Healy.<\/p>\n","protected":false},"author":1054,"featured_media":33230,"comment_status":"open","ping_status":"open","sticky":false,"template":"","format":"standard","meta":{"tdm_status":"","tdm_grid_status":"","footnotes":""},"categories":[25],"tags":[],"_links":{"self":[{"href":"https:\/\/dralvarez.com.mx\/larevista\/wp-json\/wp\/v2\/posts\/18034"}],"collection":[{"href":"https:\/\/dralvarez.com.mx\/larevista\/wp-json\/wp\/v2\/posts"}],"about":[{"href":"https:\/\/dralvarez.com.mx\/larevista\/wp-json\/wp\/v2\/types\/post"}],"author":[{"embeddable":true,"href":"https:\/\/dralvarez.com.mx\/larevista\/wp-json\/wp\/v2\/users\/1054"}],"replies":[{"embeddable":true,"href":"https:\/\/dralvarez.com.mx\/larevista\/wp-json\/wp\/v2\/comments?post=18034"}],"version-history":[{"count":1,"href":"https:\/\/dralvarez.com.mx\/larevista\/wp-json\/wp\/v2\/posts\/18034\/revisions"}],"predecessor-version":[{"id":33229,"href":"https:\/\/dralvarez.com.mx\/larevista\/wp-json\/wp\/v2\/posts\/18034\/revisions\/33229"}],"wp:featuredmedia":[{"embeddable":true,"href":"https:\/\/dralvarez.com.mx\/larevista\/wp-json\/wp\/v2\/media\/33230"}],"wp:attachment":[{"href":"https:\/\/dralvarez.com.mx\/larevista\/wp-json\/wp\/v2\/media?parent=18034"}],"wp:term":[{"taxonomy":"category","embeddable":true,"href":"https:\/\/dralvarez.com.mx\/larevista\/wp-json\/wp\/v2\/categories?post=18034"},{"taxonomy":"post_tag","embeddable":true,"href":"https:\/\/dralvarez.com.mx\/larevista\/wp-json\/wp\/v2\/tags?post=18034"}],"curies":[{"name":"wp","href":"https:\/\/api.w.org\/{rel}","templated":true}]}}