{"id":18018,"date":"2021-03-05T00:00:00","date_gmt":"2021-03-05T06:00:00","guid":{"rendered":"https:\/\/dralvarez.com.mx\/larevista\/blog\/imposible-cuantificar-el-valor-de-las-vidas-humanas-perdidas-por-el-covid-19"},"modified":"2024-02-23T00:33:16","modified_gmt":"2024-02-23T06:33:16","slug":"imposible-cuantificar-el-valor-de-las-vidas-humanas-perdidas-por-el-covid-19","status":"publish","type":"post","link":"https:\/\/dralvarez.com.mx\/larevista\/opiniones\/imposible-cuantificar-el-valor-de-las-vidas-humanas-perdidas-por-el-covid-19","title":{"rendered":"Imposible cuantificar el valor de las vidas humanas perdidas por el COVID 19"},"content":{"rendered":"<p><b>Por: Eduardo Ru\u00edz-Healy.<\/b><\/p>\n<\/p>\n<p>Cualquier vida es valiosa y nos debe doler cada una de las que se han perdido durante la pandemia de COVID-19, especialmente las de aquellas personas que conocimos y nos eran cercanas.<\/p>\n<p>Alrededor del mundo, el SARS-CoV-2 ha matado a hombres y mujeres que estaban en sus a\u00f1os de mayor productividad, generando riqueza para ellos y para sus comunidades y, al hacerlo, beneficiaban a muchas personas, algunos a miles, otros a unos cuantos, pero que a final de cuentas estaban mejorando las condiciones de vida de sus semejantes.<\/p>\n<p>Tambi\u00e9n han muerto intelectuales, artistas, escritores, compositores, int\u00e9rpretes y actores que, al desaparecer, dejaron de producir ideas, obras de arte, novelas, poemas, m\u00fasica, y que ya nunca los veremos actuar, cantar, dirigir una orquesta o interpretar una aria oper\u00edstica. Su desaparici\u00f3n representa una gran p\u00e9rdida imposible de cuantificar para la cultura universal y, claro, la mexicana.<\/p>\n<p>Recordemos a algunos mexicanos que sucumbieron por el COVID en 2020 y lo que su p\u00e9rdida representa. Los presento en el orden alfab\u00e9tico de su apellido paterno.<\/p>\n<p>Sandro Cohen. Poeta, narrador, ensayista, editor y profesor universitario estadounidense, que a los 29 a\u00f1os de edad decidi\u00f3 naturalizarse mexicano. Su libro m\u00e1s conocido es <i>Redacci\u00f3n sin dolor<\/i>, de estudio obligado para quienes deseen escribir mejor. Muri\u00f3 a los 67 a\u00f1os.<\/p>\n<p>\u00d3scar Ch\u00e1vez. Cantautor, trovador, poeta, activista social y actor. A pesar de sus 85 a\u00f1os, segu\u00eda activo y, al hablar, hablaba por muchos. Se pod\u00eda no estar de acuerdo con sus posiciones pol\u00edticas, pero eso no era un impedimento para apreciar su gran talento y creatividad.<\/p>\n<p>Manuel Felgu\u00e9rez segu\u00eda activo a sus 91 a\u00f1os y en su taller de pintura y escultura trabajaba siete horas diarias. Artista abstracto, toda su vida experiment\u00f3 y se expres\u00f3 con nuevas t\u00e9cnicas. Su museo en Zacatecas es visita obligada para los amantes del arte.<\/p>\n<p>Jos\u00e9 Kuri Harfush. Empresario que gener\u00f3 empleos y riqueza al fundar varias empresas. Al morir a los 70 a\u00f1os era consejero suplente de Grupo Financiero Inbursa y consejero propietario de Grupo Carso.<\/p>\n<p>Armando Manzanero. El \u00faltimo gran compositor rom\u00e1ntico de nuestro pa\u00eds que a los 86 a\u00f1os segu\u00eda cantando, componiendo y presidiendo a la Sociedad de Autores y Compositores de M\u00e9xico. \u00bfCu\u00e1ntas canciones que a\u00fan esperaban ser escritas se fueron con \u00e9l?<\/p>\n<p>Luis Enrique Mercado S\u00e1nchez. Al morir a los 69 a\u00f1os, era director de Grupo Imagen de Zacatecas, el principal consorcio de medios de comunicaci\u00f3n de ese estado. De 1988 a 2008 fue el director fundador del diario <i>El<\/i>&nbsp;<i>Economista<\/i>. Fue mi privilegio tenerlo como comentarista en Grupo F\u00f3rmula durante casi 20 a\u00f1os. <\/p>\n<p>Yoshio (Gustavo Nakatani \u00c1vila). Cantante que a sus 70 a\u00f1os manten\u00eda su gran voz y nos deleitaba con sus canciones. \u00bfQui\u00e9n no sigue conmovi\u00e9ndose al escucharlo cantar \u201cDue\u00f1o de nada\u201d, \u201cQu\u00e9 tal te va sin m\u00ed\u201d o \u201cMentira\u201d? Al morir, \u00e9l y \u00d3scar Ch\u00e1vez planeaban realizar una grabaci\u00f3n conjunta.<\/p>\n<p>Jaime Ruiz Sacrist\u00e1n. Un empresario que tambi\u00e9n gener\u00f3 miles de empleos, riqueza e impuestos para el fisco. Fund\u00f3 el Banco Ve por M\u00e1s (B\u00d7+), fue presidente de la Asociaci\u00f3n de Bancos de M\u00e9xico (ABM) y, al morir a los 70 a\u00f1os, era el presidente de la Bolsa Mexicana de Valores. <\/p>\n<p>La lista es interminable pero el espacio de esta columna no da para m\u00e1s.<\/p>\n<p><b>Twitter: @ruizhealy<\/b><br \/><b>Facebook: Eduardo J Ruiz-Healy<\/b><br \/><b>Instagram: ruizhealy<\/b><br \/><b>Sitio: ruizhealytimes.com<\/b><\/p><\/p>\n","protected":false},"excerpt":{"rendered":"<p>Por: Eduardo Ru\u00edz-Healy.<\/p>\n","protected":false},"author":1054,"featured_media":33215,"comment_status":"open","ping_status":"open","sticky":false,"template":"","format":"standard","meta":{"tdm_status":"","tdm_grid_status":"","footnotes":""},"categories":[25],"tags":[],"_links":{"self":[{"href":"https:\/\/dralvarez.com.mx\/larevista\/wp-json\/wp\/v2\/posts\/18018"}],"collection":[{"href":"https:\/\/dralvarez.com.mx\/larevista\/wp-json\/wp\/v2\/posts"}],"about":[{"href":"https:\/\/dralvarez.com.mx\/larevista\/wp-json\/wp\/v2\/types\/post"}],"author":[{"embeddable":true,"href":"https:\/\/dralvarez.com.mx\/larevista\/wp-json\/wp\/v2\/users\/1054"}],"replies":[{"embeddable":true,"href":"https:\/\/dralvarez.com.mx\/larevista\/wp-json\/wp\/v2\/comments?post=18018"}],"version-history":[{"count":1,"href":"https:\/\/dralvarez.com.mx\/larevista\/wp-json\/wp\/v2\/posts\/18018\/revisions"}],"predecessor-version":[{"id":33214,"href":"https:\/\/dralvarez.com.mx\/larevista\/wp-json\/wp\/v2\/posts\/18018\/revisions\/33214"}],"wp:featuredmedia":[{"embeddable":true,"href":"https:\/\/dralvarez.com.mx\/larevista\/wp-json\/wp\/v2\/media\/33215"}],"wp:attachment":[{"href":"https:\/\/dralvarez.com.mx\/larevista\/wp-json\/wp\/v2\/media?parent=18018"}],"wp:term":[{"taxonomy":"category","embeddable":true,"href":"https:\/\/dralvarez.com.mx\/larevista\/wp-json\/wp\/v2\/categories?post=18018"},{"taxonomy":"post_tag","embeddable":true,"href":"https:\/\/dralvarez.com.mx\/larevista\/wp-json\/wp\/v2\/tags?post=18018"}],"curies":[{"name":"wp","href":"https:\/\/api.w.org\/{rel}","templated":true}]}}