{"id":18016,"date":"2021-03-05T00:00:00","date_gmt":"2021-03-05T06:00:00","guid":{"rendered":"https:\/\/dralvarez.com.mx\/larevista\/blog\/la-fgr-actua-tres-meses-antes-de-las-elecciones-coincidencia-u-otra-razon"},"modified":"2024-02-23T00:33:11","modified_gmt":"2024-02-23T06:33:11","slug":"la-fgr-actua-tres-meses-antes-de-las-elecciones-coincidencia-u-otra-razon","status":"publish","type":"post","link":"https:\/\/dralvarez.com.mx\/larevista\/opiniones\/la-fgr-actua-tres-meses-antes-de-las-elecciones-coincidencia-u-otra-razon","title":{"rendered":"La FGR act\u00faa tres meses antes de las elecciones, \u00bfcoincidencia u otra raz\u00f3n?"},"content":{"rendered":"<p><b>Por: Eduardo Ru\u00edz-Healy.<\/b><\/p>\n<\/p>\n<div>\n<div><\/div>\n<div><\/div>\n<\/div>\n<p>En cada una de sus tres campa\u00f1as electorales en pos de la Presidencia de la Rep\u00fablica, el entonces candidato Andr\u00e9s Manuel L\u00f3pez Obrador denunci\u00f3 la corrupci\u00f3n imperante en M\u00e9xico y prometi\u00f3 erradicarla en caso de ganar el principal cargo p\u00fablico del pa\u00eds.<\/p>\n<p>Sin embargo, unos d\u00edas antes de asumir la Presidencia, dijo que era mejor olvidarnos de los corruptos del pasado porque someterlos a juicio causar\u00eda m\u00e1s divisiones entre los mexicanos y que tantos corruptos no cabr\u00edan en las c\u00e1rceles que hay en el pa\u00eds.<\/p>\n<p>Sobre lo que dijo AMLO entonces, escrib\u00ed en este espacio el 23 de noviembre de 2018: \u201cSe equivoca Andr\u00e9s Manuel. Investigar, denunciar y someter a juicio a los pol\u00edticos corruptos unir\u00eda al pa\u00eds como pocos temas pueden hacerlo; si de falta de espacios se trata, la construcci\u00f3n de c\u00e1rceles generar\u00e1 empleos. No puede haber ni perd\u00f3n ni olvido para quienes han fastidiado a millones de mexicanos\u201d.<\/p>\n<p>Desde el primer d\u00eda de su gobierno, el presidente ha insistido en acusar de ser corruptos a empresarios, periodistas, exfuncionarios y a todos los que manifiestan cualquier tipo de desacuerdo con sus palabras o decisiones. Pero en los hechos, el gobierno de la 4T ha denunciado muy pocos casos de corrupci\u00f3n ante la FGR o las fiscal\u00edas de los estados.<\/p>\n<p>El 28 de febrero pasado, el diario <em>El<\/em>&nbsp;<em>Economista<\/em>&nbsp;public\u00f3 una lista de los principales casos de corrupci\u00f3n documentados desde 2000 por la Auditor\u00eda Superior de la Federaci\u00f3n (ASF) (<a target=\"_blank\" rel=\"nofollow noopener\" href=\"http:\/\/www.eleconomista.com.mx\/politica\/Principales-escandalos-de-corrupcion-documentados-por-la-ASF-20210228-0002.html\">www.eleconomista.com.mx\/politica\/Principales-escandalos-de-corrupcion-documentados-por-la-ASF-20210228-0002.html<\/a>), pero muy pocos de los involucrados han sido denunciados o encarcelados. Entre ellos, Rosario Robles, la dos veces secretaria de Estado durante el gobierno de Enrique Pe\u00f1a Nieto, por su participaci\u00f3n en la Estafa Maestra que desvi\u00f3 3400 millones de pesos del erario, y Emilio Lozoya, que se encuentra en prisi\u00f3n domiciliaria por su involucramiento en el caso de la constructora Odebrecht, que de 2010 a 2014 soborn\u00f3 con decenas de millones de d\u00f3lares a Lozoya y otros funcionarios para ganar contratos de obras p\u00fablicas, sobre todo en tres refiner\u00edas de Pemex.<\/p>\n<p>Muchos funcionarios y exfuncionarios involucrados en estos y otros casos siguen libres; algunos hasta pertenecen al gobierno de la 4T.<\/p>\n<p>Ayer se difundi\u00f3 que la Unidad de Inteligencia Financiera (UIF) de la Secretar\u00eda de Hacienda present\u00f3 ante la FGR una denuncia por lavado de dinero con la compraventa de inmuebles en contra del ex jefe de gobierno de la CDMX y actual senador perredista Miguel Mancera, exfuncionarios de su gobierno y exdiputados locales.<\/p>\n<p>Y en la C\u00e1mara de Diputados se estudia si desaforar o no al gobernador panista de Tamaulipas Francisco Garc\u00eda Cabeza de Vaca, acusado por la FGR de corrupci\u00f3n y delincuencia organizada.<\/p>\n<p>Las acusaciones contra Mancera no sorprenden a nadie porque, desde que era jefe de gobierno, se comentaba mucho de sus supuestas transas y las de sus principales colaboradores.<\/p>\n<p>Y habr\u00e1 que ver si la denuncia contra el gobernador tamaulipeco se sostiene ante un tribunal.<\/p>\n<p>Lo que llama la atenci\u00f3n es que la FGR haya decidido actuar contra ambos personajes faltando solo tres meses para que se realicen las elecciones federales y locales de este a\u00f1o.<\/p>\n<p>\u00bfEs mera coincidencia o tiene alg\u00fan prop\u00f3sito electoral?<\/p>\n<p><strong>Twitter: @ruizhealy<\/strong><br \/><strong>Facebook: Eduardo J Ruiz-Healy<\/strong><br \/><strong>Instagram: ruizhealy<\/strong><br \/><strong>Sitio: <a target=\"_blank\" rel=\"nofollow noopener\" href=\"https:\/\/ruizhealytimes.com\/\">ruizhealytimes.com<\/a><\/strong><\/p><\/p>\n","protected":false},"excerpt":{"rendered":"<p>Por: Eduardo Ru\u00edz-Healy.<\/p>\n","protected":false},"author":1054,"featured_media":33213,"comment_status":"open","ping_status":"open","sticky":false,"template":"","format":"standard","meta":{"tdm_status":"","tdm_grid_status":"","footnotes":""},"categories":[25],"tags":[],"_links":{"self":[{"href":"https:\/\/dralvarez.com.mx\/larevista\/wp-json\/wp\/v2\/posts\/18016"}],"collection":[{"href":"https:\/\/dralvarez.com.mx\/larevista\/wp-json\/wp\/v2\/posts"}],"about":[{"href":"https:\/\/dralvarez.com.mx\/larevista\/wp-json\/wp\/v2\/types\/post"}],"author":[{"embeddable":true,"href":"https:\/\/dralvarez.com.mx\/larevista\/wp-json\/wp\/v2\/users\/1054"}],"replies":[{"embeddable":true,"href":"https:\/\/dralvarez.com.mx\/larevista\/wp-json\/wp\/v2\/comments?post=18016"}],"version-history":[{"count":1,"href":"https:\/\/dralvarez.com.mx\/larevista\/wp-json\/wp\/v2\/posts\/18016\/revisions"}],"predecessor-version":[{"id":33212,"href":"https:\/\/dralvarez.com.mx\/larevista\/wp-json\/wp\/v2\/posts\/18016\/revisions\/33212"}],"wp:featuredmedia":[{"embeddable":true,"href":"https:\/\/dralvarez.com.mx\/larevista\/wp-json\/wp\/v2\/media\/33213"}],"wp:attachment":[{"href":"https:\/\/dralvarez.com.mx\/larevista\/wp-json\/wp\/v2\/media?parent=18016"}],"wp:term":[{"taxonomy":"category","embeddable":true,"href":"https:\/\/dralvarez.com.mx\/larevista\/wp-json\/wp\/v2\/categories?post=18016"},{"taxonomy":"post_tag","embeddable":true,"href":"https:\/\/dralvarez.com.mx\/larevista\/wp-json\/wp\/v2\/tags?post=18016"}],"curies":[{"name":"wp","href":"https:\/\/api.w.org\/{rel}","templated":true}]}}