{"id":17996,"date":"2021-03-04T00:00:00","date_gmt":"2021-03-04T06:00:00","guid":{"rendered":"https:\/\/dralvarez.com.mx\/larevista\/blog\/ni-la-pobreza-es-virtud-ni-la-riqueza-pecado"},"modified":"2024-02-23T00:31:46","modified_gmt":"2024-02-23T06:31:46","slug":"ni-la-pobreza-es-virtud-ni-la-riqueza-pecado","status":"publish","type":"post","link":"https:\/\/dralvarez.com.mx\/larevista\/opiniones\/ni-la-pobreza-es-virtud-ni-la-riqueza-pecado","title":{"rendered":"Ni la pobreza es virtud ni la riqueza pecado"},"content":{"rendered":"<\/p>\n<p><b>Por: Eduardo Ru\u00edz-Healy.<\/b><\/p>\n<\/p>\n<p>El domingo pasado, un grupo de personas insult\u00f3 al presidente Andr\u00e9s Manuel L\u00f3pez Obrador cuando sal\u00eda del avi\u00f3n de Aerom\u00e9xico que lo llev\u00f3 de Guadalajara a la CDMX. Hombres y mujeres que iban en la parte trasera le mentaron la madre y al hacerlo se la mentaron al 53% de los mexicanos que votaron por \u00e9l en la elecci\u00f3n presidencial de 2018.<\/p>\n<p>La conducta de estas personas es reprobable desde cualquier punto de vista porque no solo le faltaron el respeto a Andr\u00e9s Manuel, el individuo, sino al jefe del Estado mexicano, al cual pertenecen. Podr\u00eda decirse que ellas y ellos se automentaron sus madres sin darse cuenta.<\/p>\n<p>La forma en que actuaron estos l\u00e9peros fue, adem\u00e1s, cobarde, porque se les hizo muy f\u00e1cil insultarlo cuando les daba la espalda y su identidad quedaba oculta tras el respaldo del asiento que ten\u00edan enfrente.<\/p>\n<p>Lo que ocurri\u00f3 fue muy h\u00e1bilmente aprovechado por AMLO en su conferencia de prensa del d\u00eda siguiente.<\/p>\n<p>Al comentar el incidente dijo: \u201c\u2026 el poder es humildad y cuando se lucha por una causa justa hay que tambi\u00e9n aprender a pagar una determinada cuota de humillaci\u00f3n, todos, cuando se est\u00e1 en una lucha. (\u2026) Desde eso hasta recordatorios a Manuelita [refiri\u00e9ndose a su madre, do\u00f1a Manuel Obrador Gonz\u00e1lez], que es lo que considero muy injusto, porque pobre Manuelita (\u2026) nosotros tenemos que seguir adelante avanzando, avanzando, avanzando y tenerle confianza al pueblo, porque nuestro pueblo es muy respetuoso, mucho, mucho, muy respetuoso en general; hay excepciones, pero por lo general es muy respetuoso, y m\u00e1s la gente humilde, que es la mayor\u00eda en nuestro pa\u00eds. Donde son m\u00e1s groseros son sectores de clase media y arriba, son m\u00e1s irrespetuosos; pero abajo, aunque est\u00e9n en otros partidos, la gente respeta, aunque no coincidan; pero arriba son muy agresivos\u201d.<\/p>\n<p>Con estas palabras, el que supuestamente es presidente de todos los mexicanos, contribuy\u00f3 a ahondar m\u00e1s la brecha que existe entre los que tienen algo o mucho y los que tienen poco o nada.<\/p>\n<p>Para AMLO pertenecer a la clase media o alta es sin\u00f3nimo de mal educado, grosero e irrespetuoso, mientras que ser pobre equivale a ser respetuoso y bien educado.<\/p>\n<p>En otras palabras, para un presidente que naci\u00f3 en el seno de una familia clasemediera, \u201cpobreza es virtud y riqueza es pecado\u201d, como me lo coment\u00f3 un sacerdote griego que hace a\u00f1os visit\u00f3 nuestro pa\u00eds y se sorprendi\u00f3 al ver que as\u00ed pensaban muchas de las personas con quien habl\u00f3, la mayor\u00eda de ellas pobres.<\/p>\n<p>El lunes AMLO no defini\u00f3 a quienes lo insultaron como fif\u00eds o conservadores neoporfiristas, &nbsp;sino que los describi\u00f3 como personas de \u201cla clase media y arriba\u201d. Al hacerlo volvi\u00f3 a demostrar que siente un profundo desprecio hacia quienes somos clasemedieros y a los que, por el monto de sus fortunas, est\u00e1n muy por encima de nosotros.<\/p>\n<p>El describir a los pobres como virtuosos y a los que no lo son como pecadores, Andr\u00e9s Manuel olvida que hay personas buenas y malas en todos lados sin que importe su condici\u00f3n econ\u00f3mica, social o nivel de estudios.<\/p>\n<p>Con sus palabras, pareciera que el presidente est\u00e1 preparando el terreno para que haya una guerra de clases y que los pobres, bajo su bandera y gu\u00eda, arremetan contra ricos y clasemedieros, entre ellos millones que votaron por \u00e9l.<\/p>\n<p><strong>Twitter: @ruizhealy<\/strong><br \/><strong>Facebook: Eduardo J Ruiz-Healy<\/strong><br \/><strong>Instagram: ruizhealy<\/strong><br \/><strong>Sitio: <a target=\"_blank\" rel=\"nofollow noopener\" href=\"https:\/\/ruizhealytimes.com\/\">ruizhealytimes.com<\/a><\/strong><\/p><\/p>\n","protected":false},"excerpt":{"rendered":"<p>Por: Eduardo Ru\u00edz-Healy.<\/p>\n","protected":false},"author":1054,"featured_media":33193,"comment_status":"open","ping_status":"open","sticky":false,"template":"","format":"standard","meta":{"tdm_status":"","tdm_grid_status":"","footnotes":""},"categories":[25],"tags":[],"_links":{"self":[{"href":"https:\/\/dralvarez.com.mx\/larevista\/wp-json\/wp\/v2\/posts\/17996"}],"collection":[{"href":"https:\/\/dralvarez.com.mx\/larevista\/wp-json\/wp\/v2\/posts"}],"about":[{"href":"https:\/\/dralvarez.com.mx\/larevista\/wp-json\/wp\/v2\/types\/post"}],"author":[{"embeddable":true,"href":"https:\/\/dralvarez.com.mx\/larevista\/wp-json\/wp\/v2\/users\/1054"}],"replies":[{"embeddable":true,"href":"https:\/\/dralvarez.com.mx\/larevista\/wp-json\/wp\/v2\/comments?post=17996"}],"version-history":[{"count":1,"href":"https:\/\/dralvarez.com.mx\/larevista\/wp-json\/wp\/v2\/posts\/17996\/revisions"}],"predecessor-version":[{"id":33192,"href":"https:\/\/dralvarez.com.mx\/larevista\/wp-json\/wp\/v2\/posts\/17996\/revisions\/33192"}],"wp:featuredmedia":[{"embeddable":true,"href":"https:\/\/dralvarez.com.mx\/larevista\/wp-json\/wp\/v2\/media\/33193"}],"wp:attachment":[{"href":"https:\/\/dralvarez.com.mx\/larevista\/wp-json\/wp\/v2\/media?parent=17996"}],"wp:term":[{"taxonomy":"category","embeddable":true,"href":"https:\/\/dralvarez.com.mx\/larevista\/wp-json\/wp\/v2\/categories?post=17996"},{"taxonomy":"post_tag","embeddable":true,"href":"https:\/\/dralvarez.com.mx\/larevista\/wp-json\/wp\/v2\/tags?post=17996"}],"curies":[{"name":"wp","href":"https:\/\/api.w.org\/{rel}","templated":true}]}}