{"id":17986,"date":"2021-03-02T00:00:00","date_gmt":"2021-03-02T06:00:00","guid":{"rendered":"https:\/\/dralvarez.com.mx\/larevista\/blog\/funcionarios-mentirosos-en-la-secretaria-de-salud-parecen-neoliberales-conservadores"},"modified":"2024-02-23T00:31:21","modified_gmt":"2024-02-23T06:31:21","slug":"funcionarios-mentirosos-en-la-secretaria-de-salud-parecen-neoliberales-conservadores","status":"publish","type":"post","link":"https:\/\/dralvarez.com.mx\/larevista\/opiniones\/funcionarios-mentirosos-en-la-secretaria-de-salud-parecen-neoliberales-conservadores","title":{"rendered":"Funcionarios mentirosos en la Secretar\u00eda de Salud parecen neoliberales conservadores"},"content":{"rendered":"<p><b>Por: Eduardo Ru\u00edz-Healy.&nbsp;<\/b><\/p>\n<\/p>\n<p>\u201cEl subsecretario de Salud, Hugo L\u00f3pez-Gatell Ram\u00edrez, no se encuentra internado en el Hospital Temporal Citibanamex por padecer COVID-19, como se ha reportado. Es <em>fake news<\/em>, \u00e9l se encuentra en su casa, no est\u00e1 en cuidados intensivos. Lleva cuatro d\u00edas asintom\u00e1tico\u201d.<\/p>\n<p>As\u00ed lo dijo el viernes 26 de febrero la directora de Comunicaci\u00f3n Social de la Secretar\u00eda de Salud, Judith Coronel Morales, luego de que diversos medios reportaron que el desacreditado funcionario, enfermo de COVID-19 desde el 20 de febrero, hab\u00eda sido internado en el hospital Covid en el Centro Citibanamex.<\/p>\n<p>La noticia, falsa seg\u00fan Coronel, circul\u00f3 despu\u00e9s de que durante varios d\u00edas dos funcionarios dieran informes contradictorios sobre la salud del subsecretario.<\/p>\n<p>El lunes 22 de febrero, el director general de Promoci\u00f3n de la Salud, Ricardo Cort\u00e9s, asegur\u00f3 que \u201cEl doctor se encuentra con un cuadro leve de sintomatolog\u00eda (\u2026) est\u00e1 bien controlado\u201d.<\/p>\n<p>Sin embargo, la condici\u00f3n de L\u00f3pez-Gatell aparentemente no era tan buena, ya que ese mismo d\u00eda tuvo que recibir ox\u00edgeno, como lo confirm\u00f3 Cort\u00e9s el mi\u00e9rcoles 24, al informar que su jefe \u201cest\u00e1 recibiendo una oxigenaci\u00f3n suplementaria\u2026\u201d.<\/p>\n<p>Un d\u00eda despu\u00e9s, el jueves 25, ante la ola de especulaciones que despert\u00f3 el hecho de que L\u00f3pez-Gatell tuviera que recibir ox\u00edgeno, el director general de Epidemiolog\u00eda, Jos\u00e9 Luis Alom\u00eda, asegur\u00f3 que \u201cNo existe, es mentira, no hay ning\u00fan tipo de agravamiento del subsecretario (\u2026) Al rev\u00e9s, la evoluci\u00f3n en las \u00faltimas 24 horas ha sido favorable (\u2026) \u00c9l nos comenta que se encuentra pr\u00e1cticamente ya asintom\u00e1tico (\u2026) con la aplicaci\u00f3n de este ox\u00edgeno y cuidados que \u00e9l ha tenido, vuelve a tener saturaci\u00f3n del 97%, as\u00ed se ha mantenido, en buen estado de salud general\u201d.<\/p>\n<p>El \u201cbuen estado de salud general\u201d en que se encontraba el subsecretario el jueves no era tan bueno porque un d\u00eda antes, el mi\u00e9rcoles 24, se intern\u00f3 en el hospital de Citibanamex, como \u00e9l mismo lo confirm\u00f3 la noche del domingo 28 en un mensaje que le envi\u00f3 al diario <em>La<\/em>&nbsp;<em>Jornada<\/em>: \u201cNo me hospitalizaron por estar delicado sino para recibir tratamiento, que es intravenoso y m\u00e1s f\u00e1cil de manejar que en casa\u201d.<\/p>\n<p>\u00bfTratamiento intravenoso sin estar delicado?<\/p>\n<p>De las personas que conozco que han enfermado de COVID-19, ninguno me report\u00f3 haber recibido un tratamiento similar, lo cual me permite suponer que el subsecretario habr\u00eda recibido por v\u00eda intravenosa diversos medicamentos que no est\u00e1n a disposici\u00f3n de la mayor\u00eda de los que han sido infectados por el SARS-CoV-2 y que generalmente se administran en casos graves o a pacientes influyentes o adinerados. Entre estos est\u00e1n los anticuerpos sint\u00e9ticos monoclonales, el remdesivir, esteroides, el CAP-1002 y otros. Algunos supuestamente los recibi\u00f3 Donald Trump cuando en octubre pasado enferm\u00f3 de COVID-19.<\/p>\n<p>Es evidente que los funcionarios de la Secretar\u00eda de Salud han mentido al informar sobre la salud de L\u00f3pez-Gatell, siendo Coronel Morales la m\u00e1s mentirosa de todo porque, intentando emular a al presidente Andr\u00e9s Manuel L\u00f3pez Obrador, hasta calific\u00f3 de <em>fake news<\/em>&nbsp;los reportes que afirmaban que el subsecretario estaba hospitalizado.<\/p>\n<p>Es curioso, pero estos tres bur\u00f3cratas de alto nivel de la 4T son id\u00e9nticos a muchos de los neoliberales conservadores que tanto disgustan a AMLO.<\/p>\n<p><strong>Twitter: @ruizhealy<\/strong><br \/><strong>Facebook: Eduardo J Ruiz-Healy<\/strong><br \/><strong>Instagram: ruizhealy<\/strong><br \/><strong>Sitio: <a target=\"_blank\" rel=\"nofollow noopener\" href=\"https:\/\/ruizhealytimes.com\/\">ruizhealytimes.com<\/a><\/strong><\/p><\/p>\n","protected":false},"excerpt":{"rendered":"<p>Por: Eduardo Ru\u00edz-Healy.<\/p>\n","protected":false},"author":1054,"featured_media":33183,"comment_status":"open","ping_status":"open","sticky":false,"template":"","format":"standard","meta":{"tdm_status":"","tdm_grid_status":"","footnotes":""},"categories":[25],"tags":[],"_links":{"self":[{"href":"https:\/\/dralvarez.com.mx\/larevista\/wp-json\/wp\/v2\/posts\/17986"}],"collection":[{"href":"https:\/\/dralvarez.com.mx\/larevista\/wp-json\/wp\/v2\/posts"}],"about":[{"href":"https:\/\/dralvarez.com.mx\/larevista\/wp-json\/wp\/v2\/types\/post"}],"author":[{"embeddable":true,"href":"https:\/\/dralvarez.com.mx\/larevista\/wp-json\/wp\/v2\/users\/1054"}],"replies":[{"embeddable":true,"href":"https:\/\/dralvarez.com.mx\/larevista\/wp-json\/wp\/v2\/comments?post=17986"}],"version-history":[{"count":1,"href":"https:\/\/dralvarez.com.mx\/larevista\/wp-json\/wp\/v2\/posts\/17986\/revisions"}],"predecessor-version":[{"id":33182,"href":"https:\/\/dralvarez.com.mx\/larevista\/wp-json\/wp\/v2\/posts\/17986\/revisions\/33182"}],"wp:featuredmedia":[{"embeddable":true,"href":"https:\/\/dralvarez.com.mx\/larevista\/wp-json\/wp\/v2\/media\/33183"}],"wp:attachment":[{"href":"https:\/\/dralvarez.com.mx\/larevista\/wp-json\/wp\/v2\/media?parent=17986"}],"wp:term":[{"taxonomy":"category","embeddable":true,"href":"https:\/\/dralvarez.com.mx\/larevista\/wp-json\/wp\/v2\/categories?post=17986"},{"taxonomy":"post_tag","embeddable":true,"href":"https:\/\/dralvarez.com.mx\/larevista\/wp-json\/wp\/v2\/tags?post=17986"}],"curies":[{"name":"wp","href":"https:\/\/api.w.org\/{rel}","templated":true}]}}