{"id":17982,"date":"2021-03-01T00:00:00","date_gmt":"2021-03-01T06:00:00","guid":{"rendered":"https:\/\/dralvarez.com.mx\/larevista\/blog\/amlo-no-tiene-derecho-de-exigir-que-los-periodistas-auditemos-al-auditor"},"modified":"2024-02-23T00:31:08","modified_gmt":"2024-02-23T06:31:08","slug":"amlo-no-tiene-derecho-de-exigir-que-los-periodistas-auditemos-al-auditor","status":"publish","type":"post","link":"https:\/\/dralvarez.com.mx\/larevista\/opiniones\/amlo-no-tiene-derecho-de-exigir-que-los-periodistas-auditemos-al-auditor","title":{"rendered":"AMLO no tiene derecho de exigir que los periodistas auditemos al auditor"},"content":{"rendered":"<p><b>Por: Eduardo Ru\u00edz-Healy.<\/b><\/p>\n<\/p>\n<p>El lunes pasado casi todos los periodistas y analistas especializados en econom\u00eda y pol\u00edtica dedicamos una parte importante de nuestros espacios en los medios de comunicaci\u00f3n para comentar el Informe General Ejecutivo correspondiente a la Cuenta P\u00fablica 2019 que el s\u00e1bado 20 difundi\u00f3 la Auditor\u00eda Superior de la Federaci\u00f3n (ASF).<\/p>\n<p>Dos aspectos del informe llamaron especialmente nuestra atenci\u00f3n:<\/p>\n<ol>\n<li>Que el costo de la cancelaci\u00f3n del Nuevo Aeropuerto Internacional de la CDMX fuera de casi 332 000 millones de pesos, muy por encima de los 100 000 millones que estim\u00f3 la SCT en abril de 2019.<\/li>\n<li>Que el monto de las irregularidades en el gasto p\u00fablico en 2019 ascendiera a poco m\u00e1s de 67 000 millones de pesos.<\/li>\n<\/ol>\n<p>Las cifras dadas por la ASF fueron tomadas como ciertas porque provinieron del \u00f3rgano creado en 1999 para \u201cfiscalizar el uso de los recursos p\u00fablicos federales en los tres Poderes de la Uni\u00f3n; los \u00f3rganos constitucionales aut\u00f3nomos; los estados y municipios; y en general cualquier entidad, persona f\u00edsica o moral, p\u00fablica o privada que haya captado, recaudado, administrado, manejado o ejercido recursos p\u00fablicos federales\u201d.<\/p>\n<p>Por eso nadie ten\u00eda porqu\u00e9 dudar de la veracidad de los datos obtenidos de las diversas auditor\u00edas realizadas al Grupo Aeroportuario de la CDMX (GACM), el organismo responsable de la cancelaci\u00f3n del NAICM.<\/p>\n<p>Quien dud\u00f3 ese mismo lunes fue el presidente Andr\u00e9s Manuel L\u00f3pez Obrador, quien en su conferencia de prensa dijo: \u201cEst\u00e1n mal sus datos, yo tengo otros datos y se va a informar aqu\u00ed\u2026\u201d. En seguida acus\u00f3 al \u00f3rgano fiscalizador de estar \u201cdando mal la informaci\u00f3n a nuestros adversarios\u201d.<\/p>\n<p>Horas despu\u00e9s de la conferencia, la ASF emiti\u00f3 un comunicado del Auditor Especial de Desempe\u00f1o, Agust\u00edn Caso Raphael, en donde \u201cSe reconoce que existen inconsistencias en la cuantificaci\u00f3n realizada en el marco de la auditor\u00eda\u2026 Al momento se ha detectado ya que dicho monto es menor a lo estimado inicialmente por una deficiencia metodol\u00f3gica\u2026\u201d.<\/p>\n<p>El \u201cerror\u201d metodol\u00f3gico fue aprovechado por AMLO para irse contra sus adversarios reales y ficticios, a quienes acus\u00f3, como suele hacerlo, de ser neoliberales, conservadores y corruptos.<\/p>\n<p>Su agresi\u00f3n contra los periodistas y los medios sigui\u00f3 hasta el viernes, cuando el presidente mostr\u00f3 planas de diarios y fragmentos de programas de TV, incluido el m\u00edo, para acusarnos de estar \u201cal servicio del r\u00e9gimen de corrupci\u00f3n que imperaba y que quieren regresar por sus fueros\u201d. Dijo que \u201cEs realmente lamentable, vergonzoso, que suceda esto en los medios de informaci\u00f3n. Ahora van a decir que la culpa es de la Auditor\u00eda, pero\u2026 \u00bfno pudieron constatar, revisar la informaci\u00f3n?<\/p>\n<p>Pues s\u00ed, Andr\u00e9s Manuel, la culpa es de la ASF porque sus datos, por ser oficiales, se dieron por buenos; adem\u00e1s, nadie iba a revisarlos porque, hasta donde yo sepa, ning\u00fan particular u organismo p\u00fablico o privado tiene el acceso a la informaci\u00f3n ni los recursos econ\u00f3micos, humanos y t\u00e9cnicos para auditar al principal \u00f3rgano auditor.<\/p>\n<p>AMLO tiene todo el derecho de reclamarle a la ASF, pero no para asegurar que somos corruptos todos los que comentamos la informaci\u00f3n basada en una fuente que, hasta el lunes, gozaba de total credibilidad; tampoco para exigirnos que seamos los auditores del auditor.<\/p>\n<p><strong>Twitter: @ruizhealy<\/strong><br \/><strong>Facebook: Eduardo J Ruiz-Healy<\/strong><br \/><strong>Instagram: ruizhealy<\/strong><br \/><strong>Sitio: <a target=\"_blank\" rel=\"nofollow noopener\" href=\"https:\/\/ruizhealytimes.com\/\">ruizhealytimes.com<\/a><\/strong><\/p><\/p>\n","protected":false},"excerpt":{"rendered":"<p>Por: Eduardo Ru\u00edz-Healy.<\/p>\n","protected":false},"author":1054,"featured_media":33179,"comment_status":"open","ping_status":"open","sticky":false,"template":"","format":"standard","meta":{"tdm_status":"","tdm_grid_status":"","footnotes":""},"categories":[25],"tags":[],"_links":{"self":[{"href":"https:\/\/dralvarez.com.mx\/larevista\/wp-json\/wp\/v2\/posts\/17982"}],"collection":[{"href":"https:\/\/dralvarez.com.mx\/larevista\/wp-json\/wp\/v2\/posts"}],"about":[{"href":"https:\/\/dralvarez.com.mx\/larevista\/wp-json\/wp\/v2\/types\/post"}],"author":[{"embeddable":true,"href":"https:\/\/dralvarez.com.mx\/larevista\/wp-json\/wp\/v2\/users\/1054"}],"replies":[{"embeddable":true,"href":"https:\/\/dralvarez.com.mx\/larevista\/wp-json\/wp\/v2\/comments?post=17982"}],"version-history":[{"count":1,"href":"https:\/\/dralvarez.com.mx\/larevista\/wp-json\/wp\/v2\/posts\/17982\/revisions"}],"predecessor-version":[{"id":33178,"href":"https:\/\/dralvarez.com.mx\/larevista\/wp-json\/wp\/v2\/posts\/17982\/revisions\/33178"}],"wp:featuredmedia":[{"embeddable":true,"href":"https:\/\/dralvarez.com.mx\/larevista\/wp-json\/wp\/v2\/media\/33179"}],"wp:attachment":[{"href":"https:\/\/dralvarez.com.mx\/larevista\/wp-json\/wp\/v2\/media?parent=17982"}],"wp:term":[{"taxonomy":"category","embeddable":true,"href":"https:\/\/dralvarez.com.mx\/larevista\/wp-json\/wp\/v2\/categories?post=17982"},{"taxonomy":"post_tag","embeddable":true,"href":"https:\/\/dralvarez.com.mx\/larevista\/wp-json\/wp\/v2\/tags?post=17982"}],"curies":[{"name":"wp","href":"https:\/\/api.w.org\/{rel}","templated":true}]}}