{"id":17880,"date":"2021-02-16T00:00:00","date_gmt":"2021-02-16T06:00:00","guid":{"rendered":"https:\/\/dralvarez.com.mx\/larevista\/blog\/primero-se-nos-dijo-que-en-marzo-ahora-que-a-mediados-de-abril-y-luego"},"modified":"2024-02-23T00:26:57","modified_gmt":"2024-02-23T06:26:57","slug":"primero-se-nos-dijo-que-en-marzo-ahora-que-a-mediados-de-abril-y-luego","status":"publish","type":"post","link":"https:\/\/dralvarez.com.mx\/larevista\/opiniones\/primero-se-nos-dijo-que-en-marzo-ahora-que-a-mediados-de-abril-y-luego","title":{"rendered":"Primero se nos dijo que en marzo, ahora que a mediados de abril. \u00bfY luego?"},"content":{"rendered":"<p><b>Por: Eduardo Ru\u00edz-Healy.<\/b><\/p>\n<\/p>\n<p>Esto dijo el 8 de febrero el presidente Andr\u00e9s Manuel L\u00f3pez Obrador, al referirse al plan de vacunaci\u00f3n contra el COVID-19 de las personas de 60 o m\u00e1s a\u00f1os: \u201cQue logremos, a\u00fan en una primera dosis, vacunar a todos los adultos mayores del pa\u00eds a finales de marzo, seguimos sosteniendo ese plan, que podamos vacunar a todos los adultos mayores de 60 a\u00f1os a finales de marzo, a\u00fan con una primera dosis y terminar de vacunarlos en segunda dosis en abril, ese es el prop\u00f3sito\u201d.<\/p>\n<p>Esto dijo AMLO el domingo pasado, el D\u00eda del Amor y la Amistad, tambi\u00e9n sobre el mismo plan: \u201cQueremos que a m\u00e1s tardar a mediados de abril ya est\u00e9n vacunados, aun con primera dosis, los 15 717 170 adultos mayores de 60 a\u00f1os\u201d. E insisti\u00f3: \u201cEntonces, as\u00ed vamos a ir avanzando y por eso calculamos que a mediados de abril ya tendr\u00edamos cubierto todo el pa\u00eds y vacunados cuando menos con la primera dosis, que ya es bastante la protecci\u00f3n, a 15 717 170 adultos mayores.<\/p>\n<p>En solo cinco d\u00edas, el presidente cambi\u00f3 la fecha objetivo para vacunar con la primera dosis a los 15 717 170 de mayores de 60 a\u00f1os, de finales de marzo a mediados de abril.<\/p>\n<p>Escrib\u00ed hace una semana en este espacio que \u201cDe acuerdo con el presidente, para el 30 de abril habr\u00e1n sido aplicadas 28 921 508 dosis a los mayores de 60 a\u00f1os m\u00e1s\u201d, es decir ambas dosis a 14 460 754 de personas, que es el n\u00famero que entonces se manej\u00f3. Que el n\u00famero de adultos mayores se incrementara en 1 256 416 en menos de una semana solo demuestra que en el gobierno de la 4T no se han puesto de acuerdo sobre cu\u00e1ntos sexagenarios, septuagenarios, octogenarios, nonagenarios y centenarios hay en M\u00e9xico, como tampoco parecen saber cu\u00e1ntos trabajadores de la salud se desempe\u00f1an en los hospitales COVID.<\/p>\n<p>Desde ayer, en que empez\u00f3 la vacunaci\u00f3n de los 15 717 170 mujeres y hombres de 60 o m\u00e1s a\u00f1os, hasta el 15 de abril, cuando de acuerdo a AMLO se les habr\u00e1 aplicado la primera dosis a todo ellos, transcurrir\u00e1n 59 d\u00edas. Para que se cumpla el nuevo y reformado compromiso presidencia deber\u00e1n aplicarse un promedio de 266 393 dosis diariamente, que son menos que las 378 000 que deber\u00edan haberse aplicado para cumplir con lo que hace una semana preci\u00f3 Andr\u00e9s Manuel.<\/p>\n<p>Desde el 24 de diciembre hasta el s\u00e1bado pasado transcurrieron 109 d\u00edas y en ese periodo se aplicaron 790 981 dosis en el pa\u00eds, un raqu\u00edtico promedio diario de 7257, principalmente a trabajadores de la salud en hospitales COVID y otras personas que el gobierno decidi\u00f3 que deb\u00edan vacunarse, como son los Siervos de la Naci\u00f3n que acompa\u00f1an a las brigadas de vacunaci\u00f3n.<\/p>\n<p>Adem\u00e1s de vacunar a los adultos mayores, deben recibir la segunda dosis de la vacuna Pfizer 652 000 trabajadores de la salud y la primera dosis otros 513 575. En total 1 165 575 dosis que tambi\u00e9n, supongo, deben aplicarse desde ayer hasta el 15 de abril, lo que significa 19 755 dosis cada d\u00eda, adem\u00e1s de las 266 393 que recibir\u00e1n los adultos mayores.<\/p>\n<p>\u00bfPodr\u00e1n aplicarse 286 148 dosis todos los d\u00edas, s\u00e1bados y domingos incluidos, para lograr la meta el 15 de abril entrante?<\/p>\n<p>\u00bfEstar\u00e1n disponibles esas 19 882 732 dosis durante los pr\u00f3ximos 58 d\u00edas?<\/p>\n<p>No lo creo y ojal\u00e1 me equivoque, pero no dudo que dentro de una semana o dos el presidente anuncie una nueva modificaci\u00f3n al plan de vacunaci\u00f3n de mayores de 60 a\u00f1os.<\/p>\n<p><strong>Twitter: @ruizhealy<\/strong><br \/><strong>Facebook: Eduardo J Ruiz-Healy<\/strong><br \/><strong>Instagram: ruizhealy<\/strong><br \/><strong>Sitio: <a target=\"_blank\" rel=\"nofollow noopener\" href=\"https:\/\/ruizhealytimes.com\/\">ruizhealytimes.com<\/a><\/strong><\/p><\/p>\n","protected":false},"excerpt":{"rendered":"<p>Por: Eduardo Ru\u00edz-Healy.<\/p>\n","protected":false},"author":1054,"featured_media":33085,"comment_status":"open","ping_status":"open","sticky":false,"template":"","format":"standard","meta":{"tdm_status":"","tdm_grid_status":"","footnotes":""},"categories":[25],"tags":[],"_links":{"self":[{"href":"https:\/\/dralvarez.com.mx\/larevista\/wp-json\/wp\/v2\/posts\/17880"}],"collection":[{"href":"https:\/\/dralvarez.com.mx\/larevista\/wp-json\/wp\/v2\/posts"}],"about":[{"href":"https:\/\/dralvarez.com.mx\/larevista\/wp-json\/wp\/v2\/types\/post"}],"author":[{"embeddable":true,"href":"https:\/\/dralvarez.com.mx\/larevista\/wp-json\/wp\/v2\/users\/1054"}],"replies":[{"embeddable":true,"href":"https:\/\/dralvarez.com.mx\/larevista\/wp-json\/wp\/v2\/comments?post=17880"}],"version-history":[{"count":1,"href":"https:\/\/dralvarez.com.mx\/larevista\/wp-json\/wp\/v2\/posts\/17880\/revisions"}],"predecessor-version":[{"id":33084,"href":"https:\/\/dralvarez.com.mx\/larevista\/wp-json\/wp\/v2\/posts\/17880\/revisions\/33084"}],"wp:featuredmedia":[{"embeddable":true,"href":"https:\/\/dralvarez.com.mx\/larevista\/wp-json\/wp\/v2\/media\/33085"}],"wp:attachment":[{"href":"https:\/\/dralvarez.com.mx\/larevista\/wp-json\/wp\/v2\/media?parent=17880"}],"wp:term":[{"taxonomy":"category","embeddable":true,"href":"https:\/\/dralvarez.com.mx\/larevista\/wp-json\/wp\/v2\/categories?post=17880"},{"taxonomy":"post_tag","embeddable":true,"href":"https:\/\/dralvarez.com.mx\/larevista\/wp-json\/wp\/v2\/tags?post=17880"}],"curies":[{"name":"wp","href":"https:\/\/api.w.org\/{rel}","templated":true}]}}