{"id":17548,"date":"2021-01-08T00:00:00","date_gmt":"2021-01-08T06:00:00","guid":{"rendered":"https:\/\/dralvarez.com.mx\/larevista\/blog\/trump-el-insurrecto"},"modified":"2024-02-23T00:12:01","modified_gmt":"2024-02-23T06:12:01","slug":"trump-el-insurrecto","status":"publish","type":"post","link":"https:\/\/dralvarez.com.mx\/larevista\/opiniones\/trump-el-insurrecto","title":{"rendered":"Trump, el insurrecto"},"content":{"rendered":"<p><b>Por: Eduardo Ru\u00edz-Healy. <\/b><\/p>\n<\/p>\n<p>La frecuencia de las manifestaciones callejeras en Estados Unidos aument\u00f3 desde que Donald Trump asumi\u00f3 la presidencia de ese pa\u00eds. Conforme pasaron los meses tambi\u00e9n se increment\u00f3 el n\u00famero de manifestaciones violentas.<\/p>\n<p>La primera manifestaci\u00f3n contra Trump ocurri\u00f3 el 21 de enero de 2017, un d\u00eda despu\u00e9s de que empez\u00f3 a vivir en la Casa Blanca, cuando unas 500 000 personas, la mayor\u00eda de ellas mujeres, marcharon por las calles de la capital estadounidense para defender los derechos de las mujeres y de las personas LGBT, el derecho a la salud y a una educaci\u00f3n p\u00fablica de calidad, para apoyar las pol\u00edticas contra el cambio clim\u00e1tico y a favor del pacifismo y la solidaridad con los refugiados, y para protestar contra la persecuci\u00f3n y discriminaci\u00f3n de los inmigrantes, la discriminaci\u00f3n racial y la violencia ejercida por las corporaciones policiacas.<\/p>\n<p>Desde entonces, los opositores de Trump se han manifestado en diversas ciudades, la mayor\u00eda de las veces de forma pac\u00edfica. Desafortunadamente, en ocasiones algunos manifestantes da\u00f1aron o destruyeron propiedades privadas y p\u00fablicas.<\/p>\n<p>Pero las palabras y tuits del presidente saliente no solo movilizaron a sus detractores; tambi\u00e9n estimularon a que sus seguidores salieran a las calles para defenderlo. La mayor\u00eda de estas marchas fueron pac\u00edficas, pero en algunos casos se volvieron violentas cuando se adue\u00f1aron de ellas supremacistas blancos o neonazis a quienes Trump elogi\u00f3 p\u00fablicamente y calific\u00f3 como buenas personas.<\/p>\n<p>El verano pasado Trump dijo que los afroamericanos, latinos y dem\u00e1s personas que salieron a las calles para protestar contra la brutalidad policiaca eran delincuentes y terroristas, pero nunca critic\u00f3 a los supremacistas y neonazis que agredieron y hasta mataron a algunos manifestantes.<\/p>\n<p>Despu\u00e9s de cuatro a\u00f1os en que el casi expresidente actu\u00f3 para dividir y violentar a la sociedad de su pa\u00eds, explotando h\u00e1bilmente los resentimientos que tienen millones de personas que, con o sin raz\u00f3n, sienten que el sistema los abandon\u00f3 a su suerte y los priv\u00f3 de oportunidades para progresar econ\u00f3micamente, \u00bfdebe extra\u00f1arnos la violencia que vimos ayer en Washington, cuando miles de trumpistas invadieron con lujo de violencia al Capitolio, sede del poder legislativo y s\u00edmbolo de la soberan\u00eda del pueblo?<\/p>\n<p>Lo que ocurri\u00f3 ayer fue promovido por el mismo Trump en un discurso que pronunci\u00f3 ante sus seguidores poco antes de que el Congreso se reuniera para certificar el triunfo electoral de Joe Biden. Dijo que era la v\u00edctima de un inmenso fraude electoral, similar al que seg\u00fan \u00e9l se cometi\u00f3 el martes para evitar que los dos senadores republicanos de Georgia fueran reelectos. Despu\u00e9s de azuzar con sus palabras a su p\u00fablico lo invito a que se dirigiera al Capitolio para exigir a los senadores y representantes ah\u00ed reunidos que desconocieran el triunfo de Biden. Luego, la masa se transform\u00f3 en turba, ocurri\u00f3 lo impensable y al final del d\u00eda una mujer hab\u00eda muerto al recibir un balazo.<\/p>\n<p>Ayer Biden dijo que lo que se vio ayer fue una insurrecci\u00f3n contra las instituciones y la democracia estadounidenses. No mencion\u00f3 el nombre del movimiento, pero todos sabemos que fue Trump, quien en los 13 d\u00edas que le quedan como presidente puede causar m\u00e1s da\u00f1o a su pa\u00eds y al mundo.<\/p>\n<p><strong>Twitter: @ruizhealy<\/strong><br \/><strong>Facebook: Eduardo J Ruiz-Healy<\/strong><br \/><strong>Instagram: ruizhealy<\/strong><br \/><strong>Sitio: <a target=\"_blank\" rel=\"nofollow noopener\" href=\"https:\/\/ruizhealytimes.com\/\">ruizhealytimes.com<\/a><\/strong><\/p><\/p>\n","protected":false},"excerpt":{"rendered":"<p>Por: Eduardo Ru\u00edz-Healy.<\/p>\n","protected":false},"author":1054,"featured_media":32787,"comment_status":"open","ping_status":"open","sticky":false,"template":"","format":"standard","meta":{"tdm_status":"","tdm_grid_status":"","footnotes":""},"categories":[25],"tags":[],"_links":{"self":[{"href":"https:\/\/dralvarez.com.mx\/larevista\/wp-json\/wp\/v2\/posts\/17548"}],"collection":[{"href":"https:\/\/dralvarez.com.mx\/larevista\/wp-json\/wp\/v2\/posts"}],"about":[{"href":"https:\/\/dralvarez.com.mx\/larevista\/wp-json\/wp\/v2\/types\/post"}],"author":[{"embeddable":true,"href":"https:\/\/dralvarez.com.mx\/larevista\/wp-json\/wp\/v2\/users\/1054"}],"replies":[{"embeddable":true,"href":"https:\/\/dralvarez.com.mx\/larevista\/wp-json\/wp\/v2\/comments?post=17548"}],"version-history":[{"count":1,"href":"https:\/\/dralvarez.com.mx\/larevista\/wp-json\/wp\/v2\/posts\/17548\/revisions"}],"predecessor-version":[{"id":32786,"href":"https:\/\/dralvarez.com.mx\/larevista\/wp-json\/wp\/v2\/posts\/17548\/revisions\/32786"}],"wp:featuredmedia":[{"embeddable":true,"href":"https:\/\/dralvarez.com.mx\/larevista\/wp-json\/wp\/v2\/media\/32787"}],"wp:attachment":[{"href":"https:\/\/dralvarez.com.mx\/larevista\/wp-json\/wp\/v2\/media?parent=17548"}],"wp:term":[{"taxonomy":"category","embeddable":true,"href":"https:\/\/dralvarez.com.mx\/larevista\/wp-json\/wp\/v2\/categories?post=17548"},{"taxonomy":"post_tag","embeddable":true,"href":"https:\/\/dralvarez.com.mx\/larevista\/wp-json\/wp\/v2\/tags?post=17548"}],"curies":[{"name":"wp","href":"https:\/\/api.w.org\/{rel}","templated":true}]}}