{"id":107086,"date":"2022-02-18T00:00:00","date_gmt":"2022-02-18T06:00:00","guid":{"rendered":"https:\/\/dralvarez.com.mx\/larevista\/blog\/yucatan-cuenta-con-las-condiciones-epidemiologicas-favorables-para-seguir-avanzando-en-el-regreso-presencial-a-clases-70310"},"modified":"2024-03-01T03:45:09","modified_gmt":"2024-03-01T09:45:09","slug":"yucatan-cuenta-con-las-condiciones-epidemiologicas-favorables-para-seguir-avanzando-en-el-regreso-presencial-a-clases-70310","status":"publish","type":"post","link":"https:\/\/dralvarez.com.mx\/larevista\/yucatan\/yucatan-cuenta-con-las-condiciones-epidemiologicas-favorables-para-seguir-avanzando-en-el-regreso-presencial-a-clases-70310","title":{"rendered":"Yucat\u00e1n cuenta con las condiciones epidemiol\u00f3gicas favorables para seguir avanzando en el regreso presencial a clases"},"content":{"rendered":"<p><i><\/i><\/p>\n<\/p>\n<ul>\n<li><i><b>El Gobernador Mauricio Vila Dosal se reuni\u00f3 con directores de instituciones privadas de educaci\u00f3n b\u00e1sica y media superior, para hablar sobre el panorama epidemiol\u00f3gico y continuar dando pasos firmes en el proceso de retorno a las aulas.<\/b><\/i><\/li>\n<\/ul>\n<p><i><\/p>\n<p><\/i><\/p>\n<\/p>\n<\/p>\n<\/p>\n<p>M\u00e9rida, Yucat\u00e1n, 17 de febrero de 2022.- Las condiciones epidemiol\u00f3gicas en Yucat\u00e1n son favorables para continuar avanzando, con confianza, en el proceso de regreso a clases presenciales de ni\u00f1as, ni\u00f1os y j\u00f3venes, ya que a la fecha los indicadores de la pandemia del Coronavirus muestran un marcado descenso y el proceso de vacunaci\u00f3n cuenta con gran avance, afirm\u00f3 el Gobernador Mauricio Vila Dosal ante directores de instituciones privadas de educaci\u00f3n b\u00e1sica y media superior.<\/p>\n<p>Durante una reuni\u00f3n para dar a conocer el panorama actual de la contingencia sanitaria, Vila Dosal escuch\u00f3 las propuestas e inquietudes de los directores de dichos niveles, que externaron su inter\u00e9s en mantener una estrecha comunicaci\u00f3n y sumar esfuerzos con el Gobierno estatal para seguir dando pasos firmes hacia un retorno a las aulas en el que se priorice la salud.<\/p>\n<p>Al respecto, Homero Novelo Burgos, del Instituto \u201cSiglo XXI\u201d de Valladolid, reconoci\u00f3 la postura y el inter\u00e9s del Gobernador, en informar sobre el contexto epidemiol\u00f3gico, para asegurar un regreso a los salones en el que todos los estudiantes puedan retomar sus actividades y recuperar el tiempo perdido.<\/p>\n<p>Por su parte, Ra\u00fal Antonio Franco Sosa, de la preparatoria Instituto \u201cM\u00e9xico\u201d, agradeci\u00f3 la realizaci\u00f3n de este tipo de reuniones, que permite a las escuelas estar informadas y establecer un solo frente, junto con el Gobierno estatal, ante el proceso de retorno a clases presenciales.<\/p>\n<p>\u00abEs hora de rescatar a las ni\u00f1as, ni\u00f1os y j\u00f3venes del encierro y sedentarismo, es bueno que los peque\u00f1os regresen a sus actividades escolares, porque somos testigos del retroceso que, en algunos, esta situaci\u00f3n ha generado, pero tambi\u00e9n del impacto en su salud f\u00edsica y mental\u00bb, apunt\u00f3.<\/p>\n<p>Desde el Centro de Convenciones \u201cSiglo XXI\u201d, el Gobernador present\u00f3 los principales indicadores de la pandemia en la entidad y explic\u00f3 que el promedio m\u00f3vil diario de casos positivos va de bajada; muestra de ello es que, en el punto m\u00e1s alto de contagios por la variante \u00d3micron se registr\u00f3 1,158, y al 9 de febrero, se redujo a 136.<\/p>\n<p>Sobre la ocupaci\u00f3n hospitalaria, Vila Dosal indic\u00f3 que, antes de dicha cepa, era de aproximadamente 35 camas y alcanz\u00f3 un m\u00e1ximo de 202, pero ayer, baj\u00f3 a s\u00f3lo 98, y la media de ingresos por d\u00eda est\u00e1 en descenso, pues en el pico de esta mutaci\u00f3n, se tuvo una media de 34 y, al 15 de este mes, fueron 14 \u00fanicamente.<\/p>\n<p>En ese sentido, el Gobernador reiter\u00f3 que, en el territorio, se cuenta con todas las condiciones para seguir avanzando en el regreso a clases presenciales y refiri\u00f3 que, del total registrado de casos positivos por \u00d3micron, s\u00f3lo el 2.48% corresponde a ni\u00f1as, ni\u00f1os y j\u00f3venes.<\/p>\n<p>De esa tasa, agreg\u00f3 Vila Dosal, el 0.86% corresponde a estudiantes de primaria; 0.83%, de secundaria, y 0.79%, de preparatoria. \u00abEl 97% restante es gente que no est\u00e1 en escuelas, lo que quiere decir que los contagios no se est\u00e1n dando en las aulas, porque se cumplen los protocolos y funcionan\u201d, puntualiz\u00f3.<\/p>\n<p>Ante los titulares de las Secretar\u00edas de Salud (SSY), Mauricio Sauri Vivas, y Educaci\u00f3n (Segey), Liborio Vidal Aguilar, el Gobernador expuso los pormenores de los Protocolos para el Regreso Seguro a Clases, ante directoras y directores, y les pidi\u00f3 no bajar la guardia, pues \u201cla principal preocupaci\u00f3n es el cuidado de la salud, pero el tema educativo ya no puede seguir posterg\u00e1ndose\u201d.<\/p>\n<p>Finalmente, al hablar sobre el avance de la vacunaci\u00f3n a poblaci\u00f3n de 15 a\u00f1os en adelante, Vila Dosal se\u00f1al\u00f3 que el 89.7% cuenta con al menos una aplicaci\u00f3n, 88.8% tiene el esquema completo y 30.8% ya recibi\u00f3 su refuerzo, datos que no contabilizan a quienes consiguieron sus dosis en el extranjero.<\/p>\n<\/p>\n<p><i><\/p>\n<\/p>\n<p><\/p>\n<\/p>\n<p><\/i><\/p>\n","protected":false},"excerpt":{"rendered":"<p>El Gobernador Mauricio Vila Dosal se reuni\u00f3 con directores de instituciones privadas de educaci\u00f3n b\u00e1sica y media superior, para hablar sobre el panora<\/p>\n","protected":false},"author":1018,"featured_media":140440,"comment_status":"open","ping_status":"open","sticky":false,"template":"","format":"standard","meta":{"tdm_status":"","tdm_grid_status":"","footnotes":""},"categories":[21],"tags":[],"_links":{"self":[{"href":"https:\/\/dralvarez.com.mx\/larevista\/wp-json\/wp\/v2\/posts\/107086"}],"collection":[{"href":"https:\/\/dralvarez.com.mx\/larevista\/wp-json\/wp\/v2\/posts"}],"about":[{"href":"https:\/\/dralvarez.com.mx\/larevista\/wp-json\/wp\/v2\/types\/post"}],"author":[{"embeddable":true,"href":"https:\/\/dralvarez.com.mx\/larevista\/wp-json\/wp\/v2\/users\/1018"}],"replies":[{"embeddable":true,"href":"https:\/\/dralvarez.com.mx\/larevista\/wp-json\/wp\/v2\/comments?post=107086"}],"version-history":[{"count":0,"href":"https:\/\/dralvarez.com.mx\/larevista\/wp-json\/wp\/v2\/posts\/107086\/revisions"}],"wp:featuredmedia":[{"embeddable":true,"href":"https:\/\/dralvarez.com.mx\/larevista\/wp-json\/wp\/v2\/media\/140440"}],"wp:attachment":[{"href":"https:\/\/dralvarez.com.mx\/larevista\/wp-json\/wp\/v2\/media?parent=107086"}],"wp:term":[{"taxonomy":"category","embeddable":true,"href":"https:\/\/dralvarez.com.mx\/larevista\/wp-json\/wp\/v2\/categories?post=107086"},{"taxonomy":"post_tag","embeddable":true,"href":"https:\/\/dralvarez.com.mx\/larevista\/wp-json\/wp\/v2\/tags?post=107086"}],"curies":[{"name":"wp","href":"https:\/\/api.w.org\/{rel}","templated":true}]}}